{"id":236227,"date":"2023-08-21T14:23:14","date_gmt":"2023-08-21T17:23:14","guid":{"rendered":"https:\/\/www.redenoticia.com.br\/noticia\/?p=236227"},"modified":"2023-08-21T14:23:14","modified_gmt":"2023-08-21T17:23:14","slug":"resumo-sera-isso-amor-22-08-serkan-descobre-negligencia-na-morte-dos-pais-de-eda","status":"publish","type":"post","link":"https:\/\/migracao.redenoticia.com.br\/noticia\/2023\/resumo-sera-isso-amor-22-08-serkan-descobre-negligencia-na-morte-dos-pais-de-eda\/236227","title":{"rendered":"Resumo \u201cSer\u00e1 Isso Amor?\u201d 22\/08: Serkan descobre neglig\u00eancia na morte dos pais de Eda"},"content":{"rendered":"<p> <img loading=\"lazy\" decoding=\"async\" class=\"aligncenter size-full wp-image-235988\" src=\"https:\/\/migracao.redenoticia.com.br\/noticia\/imagens\/novela-sera-isso-amor-tnt-resumo-elenco.jpg\" alt=\"\" width=\"1280\" height=\"720\" srcset=\"https:\/\/migracao.redenoticia.com.br\/noticia\/imagens\/novela-sera-isso-amor-tnt-resumo-elenco.jpg 1280w, https:\/\/migracao.redenoticia.com.br\/noticia\/imagens\/novela-sera-isso-amor-tnt-resumo-elenco-250x140.jpg 250w, https:\/\/migracao.redenoticia.com.br\/noticia\/imagens\/novela-sera-isso-amor-tnt-resumo-elenco-400x225.jpg 400w, https:\/\/migracao.redenoticia.com.br\/noticia\/imagens\/novela-sera-isso-amor-tnt-resumo-elenco-768x432.jpg 768w, https:\/\/migracao.redenoticia.com.br\/noticia\/imagens\/novela-sera-isso-amor-tnt-resumo-elenco-150x84.jpg 150w\" sizes=\"auto, (max-width: 1280px) 100vw, 1280px\" \/><\/p>\n<p><strong><em>Resumo da novela \u201cSer\u00e1 Isso Amor?\u201d<\/em><\/strong> em 22\/08: no cap\u00edtulo 042(*) da novela, Ap\u00f3s a sa\u00edda de Selin do casamento, a rela\u00e7\u00e3o entre Eda e Serkan muda. O pai de Serkan diz: &#8216;Anos depois, meu filho encontra aquela garota entre todas aquelas pessoas&#8217; . Serkan expressa seu amor por Eda em todas as oportunidades e diz: &#8216;N\u00e3o consigo respirar se voc\u00ea n\u00e3o estiver aqui.&#8217; Eda explica \u00e0 tia e aos amigos que Serkan ir\u00e1 para a It\u00e1lia com ela. Ela est\u00e1 muito feliz, muito apaixonada e animada. <\/p>\n<p>Serkan aprende sobre a conex\u00e3o de sua fam\u00edlia com a fam\u00edlia de Eda. \u201cA responsabilidade \u00e9 minha, nada pode me separar de Eda\u201d, diz, e se op\u00f5e \u00e0 fam\u00edlia. Ele quer se apegar mais a Eda, adiar o trabalho e passar um dia sozinho com Eda. Enquanto Serkan est\u00e1 apaixonado por Eda, na aus\u00eancia de Serkan no escrit\u00f3rio, os programas s\u00e3o interrompidos, Leyla enlouquece com o tr\u00e1fego telef\u00f4nico e as pessoas no escrit\u00f3rio entram em p\u00e2nico. Isso deixa Serkan louco quando descobre que Efe ajudou Selin neste ambiente.<\/p>\n<p>Fifi descobre o que Erdem est\u00e1 tramando. Serkan se irrita porque a reuni\u00e3o aconteceu quando ele n\u00e3o estava l\u00e1 e Alptekin conta a ele o que aconteceu no passado. Serkan descobre a verdade sobre a morte dos pais de Eda. O fato o deixou em uma situa\u00e7\u00e3o dif\u00edcil. Ele teme a rea\u00e7\u00e3o de Eda quando ela souber a verdade e a neglig\u00eancia de sua fam\u00edlia com a morte de seus pais.<\/p>\n<p>(*) edi\u00e7\u00e3o das novelas da TNT\/HBO, \u201cSer\u00e1 Isso Amor?\u201d, sujeito a altera\u00e7\u00e3o de data e conte\u00fado.<\/p>\n<p>Sinopse &#8220;Ser\u00e1 Isso Amor?&#8221;: (Primeira Temporada) Eda n\u00e3o consegue concluir sua gradua\u00e7\u00e3o na faculdade de arquitetura paisag\u00edstica por causa de Serkan Bolat. Serkan tem uma ex-namorada, Selin, que ficou noiva recentemente ap\u00f3s o rompimento. Para recuper\u00e1-la, Serkan oferece a Eda um contrato segundo o qual ela deve fingir ser sua noiva por dois meses. Ela aceita a oferta e n\u00e3o demora para surgir algo entre eles. <\/p>\n<p>(Segunda Temporada) Serkan e Eda passam por momentos dif\u00edceis durante o tratamento de c\u00e2ncer dele, que fica obcecado com sua doen\u00e7a e que vira um homem completamente diferente ap\u00f3s sobreviver. Serkan volta a se concentrar apenas em seu trabalho, que aos poucos o afasta de Eda. Mais tarde, ela vai para a It\u00e1lia para concluir seus estudos, enquanto Serkan continua com sua vida. Mas quando eles finalmente se reencontram ap\u00f3s 5 longos anos, a vida tem uma surpresa para ambos.<\/p>\n","protected":false},"excerpt":{"rendered":"<p>Resumo da novela \u201cSer\u00e1 Isso Amor?\u201d em 22\/08: no cap\u00edtulo 042(*) da novela, Ap\u00f3s a sa\u00edda de Selin do casamento, a rela\u00e7\u00e3o entre Eda e Serkan muda. O pai de Serkan diz: &#8216;Anos depois, meu filho encontra aquela garota entre todas aquelas pessoas&#8217; . Serkan expressa seu amor por Eda em todas as oportunidades e [&hellip;]<\/p>\n","protected":false},"author":4,"featured_media":235990,"comment_status":"closed","ping_status":"closed","sticky":false,"template":"","format":"standard","meta":{"tdm_status":"","tdm_grid_status":"","footnotes":""},"categories":[379,2025,2316,343,2315],"tags":[441],"class_list":{"0":"post-236227","1":"post","2":"type-post","3":"status-publish","4":"format-standard","5":"has-post-thumbnail","7":"category-novelas","8":"category-resumo","9":"category-sera-isso-amor","10":"category-televisao","11":"category-tnt","12":"tag-resumo-do-dia"},"_links":{"self":[{"href":"https:\/\/migracao.redenoticia.com.br\/noticia\/wp-json\/wp\/v2\/posts\/236227","targetHints":{"allow":["GET"]}}],"collection":[{"href":"https:\/\/migracao.redenoticia.com.br\/noticia\/wp-json\/wp\/v2\/posts"}],"about":[{"href":"https:\/\/migracao.redenoticia.com.br\/noticia\/wp-json\/wp\/v2\/types\/post"}],"author":[{"embeddable":true,"href":"https:\/\/migracao.redenoticia.com.br\/noticia\/wp-json\/wp\/v2\/users\/4"}],"replies":[{"embeddable":true,"href":"https:\/\/migracao.redenoticia.com.br\/noticia\/wp-json\/wp\/v2\/comments?post=236227"}],"version-history":[{"count":0,"href":"https:\/\/migracao.redenoticia.com.br\/noticia\/wp-json\/wp\/v2\/posts\/236227\/revisions"}],"wp:featuredmedia":[{"embeddable":true,"href":"https:\/\/migracao.redenoticia.com.br\/noticia\/wp-json\/wp\/v2\/media\/235990"}],"wp:attachment":[{"href":"https:\/\/migracao.redenoticia.com.br\/noticia\/wp-json\/wp\/v2\/media?parent=236227"}],"wp:term":[{"taxonomy":"category","embeddable":true,"href":"https:\/\/migracao.redenoticia.com.br\/noticia\/wp-json\/wp\/v2\/categories?post=236227"},{"taxonomy":"post_tag","embeddable":true,"href":"https:\/\/migracao.redenoticia.com.br\/noticia\/wp-json\/wp\/v2\/tags?post=236227"}],"curies":[{"name":"wp","href":"https:\/\/api.w.org\/{rel}","templated":true}]}}