{"id":236320,"date":"2023-08-23T15:58:34","date_gmt":"2023-08-23T18:58:34","guid":{"rendered":"https:\/\/www.redenoticia.com.br\/noticia\/?p=236320"},"modified":"2023-08-23T15:58:34","modified_gmt":"2023-08-23T18:58:34","slug":"resumo-meu-pecado-24-08-jorge-telefona-para-lucrecia","status":"publish","type":"post","link":"https:\/\/migracao.redenoticia.com.br\/noticia\/2023\/resumo-meu-pecado-24-08-jorge-telefona-para-lucrecia\/236320","title":{"rendered":"Resumo \u201cMeu Pecado\u201d 24\/08: Jorge telefona para Lucr\u00e9cia"},"content":{"rendered":"<p> <img loading=\"lazy\" decoding=\"async\" class=\"aligncenter size-full wp-image-235437\" src=\"https:\/\/migracao.redenoticia.com.br\/noticia\/imagens\/novela-meu-pecado-resumo-capitulos-elenco-personagens-logo-redenoticia-sbt.jpg\" alt=\"\" width=\"1280\" height=\"720\" srcset=\"https:\/\/migracao.redenoticia.com.br\/noticia\/imagens\/novela-meu-pecado-resumo-capitulos-elenco-personagens-logo-redenoticia-sbt.jpg 1280w, https:\/\/migracao.redenoticia.com.br\/noticia\/imagens\/novela-meu-pecado-resumo-capitulos-elenco-personagens-logo-redenoticia-sbt-250x140.jpg 250w, https:\/\/migracao.redenoticia.com.br\/noticia\/imagens\/novela-meu-pecado-resumo-capitulos-elenco-personagens-logo-redenoticia-sbt-400x225.jpg 400w, https:\/\/migracao.redenoticia.com.br\/noticia\/imagens\/novela-meu-pecado-resumo-capitulos-elenco-personagens-logo-redenoticia-sbt-768x432.jpg 768w, https:\/\/migracao.redenoticia.com.br\/noticia\/imagens\/novela-meu-pecado-resumo-capitulos-elenco-personagens-logo-redenoticia-sbt-150x84.jpg 150w\" sizes=\"auto, (max-width: 1280px) 100vw, 1280px\" \/><\/p>\n<p><strong><em>Resumo da novela \u201cMeu Pecado\u201d<\/em><\/strong> em 24\/08: no cap\u00edtulo 019(*) da novela, Juliano tenta entrar na festa e diz que precisa falar com Lucr\u00e9cia. Mas, ao ser impedido, grita que ela \u00e9 o \u00fanico amor de sua vida e que vai esper\u00e1-la para sempre. Lucr\u00e9cia tenta falar com ele, mas \u00e9 impedida por Ros\u00e1rio. <\/p>\n<p>Depois de explicar para a m\u00e3e que n\u00e3o existe nada entre ela e Juliano, Ros\u00e1rio a obriga a voltar para a festa. Branca pergunta a Carmelo por que n\u00e3o foi busc\u00e1-la e se surpreende quando ele responde que jamais sentiria algo por ela e que Renata \u00e9 sua namorada. Preocupado com o pai que ainda n\u00e3o voltou para casa, Juliano sai para procur\u00e1-lo e encontra Rodolfo completamente b\u00eabado. Paulino n\u00e3o concorda com a decis\u00e3o de Lucr\u00e9cia de voltar para a cidade, mas Ros\u00e1rio apoia e diz que quer a filha longe de Juliano. Lucr\u00e9cia e Juliano se encontram na porta da igreja e declaram seu amor. Juliano pede a Lucr\u00e9cia que se case com ele.<\/p>\n<p>Juliano pede Lucr\u00e9cia em casamento e jura que a far\u00e1 muito feliz. Lucr\u00e9cia admite para padre Matias que ama Juliano e este promete que, se decidir ficar em S\u00e3o Pedro, poder\u00e1 contar com sua ajuda. Carmelo decide levar para a fazenda \u201cMilagre\u201d, o cavalo que Ramiro comprou para Lucr\u00e9cia. Quando Renata percebe que \u00e9 eminente sua sa\u00edda da fazenda, finge que est\u00e1 se sentindo mal. Ros\u00e1rio n\u00e3o acredita em Renata e critica a ingenuidade de Paulino que se preocupa com a sa\u00fade dela. Jorge telefona para Lucr\u00e9cia, pede a ela que tome muito cuidado com Renata, diz que \u00e9 uma pessoa muito perigosa e afirma que ela matou a diretora do col\u00e9gio. Renata pergunta a Lucr\u00e9cia o que conversava com Jorge e ela afirma que ele lhe contou coisas muito interessantes que aconteceram no dia que mataram a diretora do col\u00e9gio. O advogado informa Paulino sobre a real situa\u00e7\u00e3o financeira do pai de Renata, afirma que seu primo estava falido quando morreu e que n\u00e3o deixou nenhum centavo para a filha. Sentindo que est\u00e1 sem sa\u00edda e que ser\u00e1 obrigada a deixar a fazenda, Renata entra gritando, pede ajuda a Lucr\u00e9cia e mostra a m\u00e3o ensanguentada.<\/p>\n<p>Sangrando muito, Renata pede ajuda a Lucr\u00e9cia e \u00e9 levada para o hospital. O m\u00e9dico diz a Paulino que ela est\u00e1 fora de perigo, mas ter\u00e1 que passar a noite internada em observa\u00e7\u00e3o. Paulino diz a ros\u00e1rio que ter\u00e3o que permitir que Renata fique na fazenda at\u00e9 que se recupere, mas Ros\u00e1rio n\u00e3o acredita que Renata tenha querido mesmo se suicidar. Justina diz a Ramiro que, em segredo de confiss\u00e3o, contou ao padre Matias sobre a rela\u00e7\u00e3o que h\u00e1 entre eles. Ramiro fica furioso, procura o padre e confirma tudo que Justina disse. Indignado, Matias d\u00e1 uma bofetada em Ramiro. Juliano vai at\u00e9 o rio para se encontrar com Lucr\u00e9cia, mas ela n\u00e3o aparece. No hospital, ela tenta entrar em contato com Juliano, mas n\u00e3o consegue. Josu\u00e9 espia o irm\u00e3o. Lucr\u00e9cia comunica \u00e1 m\u00e3e que decidiu ficar mais alguns dias na fazenda para cuidar da prima, mas Ros\u00e1rio n\u00e3o permite e diz que deve voltar imediatamente para a cidade. Lucr\u00e9cia enfrenta a m\u00e3e e se nega a ir embora. Ros\u00e1rio diz a Renata que deve fazer de tudo para conquistar Juliano para que Lucr\u00e9cia se desiluda. <\/p>\n<p>(*) edi\u00e7\u00e3o das novelas do SBT, \u201cMeu Pecado\u201d, sujeito a altera\u00e7\u00e3o de data e conte\u00fado.<\/p>\n<p>Sinopse \u201cMeu Pecado\u201d: Com o passar dos anos, Lucr\u00e9cia (Maite Perroni) e Juliano (Eugenio Siller) se reencontram e seu amor renasce. Lucr\u00e9cia n\u00e3o volta sozinha, vem acompanhada de sua prima Renata (Jessica Coch), que assassinou a diretora do internato em que ela e Lucr\u00e9cia estudavam. Paulino sofre uma crise econ\u00f4mica e Ramiro exige casar com sua filha Lucr\u00e9cia. Mas Carmelo se imp\u00f5e contra o casamento, e o assassina a tiros.<\/p>\n<p>Juliano \u00e9 acusado injustamente por este crime e com isso Lucr\u00e9cia se v\u00ea obrigada a casar-se com Carmelo para evitar a ru\u00edna de seu pai e que Juliano fosse acusado injustamente. Juliano vai embora do povoado, convencido de que Lucr\u00e9cia o traiu. Um tempo depois, Carmelo fica sabendo que Juliano voltou e se inicia a guerra entre os dois pelo amor de Lucr\u00e9cia. No final, Lucr\u00e9cia descobre o porque da rejei\u00e7\u00e3o misteriosa da sua m\u00e3e.<\/p>\n","protected":false},"excerpt":{"rendered":"<p>Resumo da novela \u201cMeu Pecado\u201d em 24\/08: no cap\u00edtulo 019(*) da novela, Juliano tenta entrar na festa e diz que precisa falar com Lucr\u00e9cia. Mas, ao ser impedido, grita que ela \u00e9 o \u00fanico amor de sua vida e que vai esper\u00e1-la para sempre. Lucr\u00e9cia tenta falar com ele, mas \u00e9 impedida por Ros\u00e1rio. Depois [&hellip;]<\/p>\n","protected":false},"author":4,"featured_media":235438,"comment_status":"closed","ping_status":"closed","sticky":false,"template":"","format":"standard","meta":{"tdm_status":"","tdm_grid_status":"","footnotes":""},"categories":[2313,379,2025,372,343],"tags":[441],"class_list":{"0":"post-236320","1":"post","2":"type-post","3":"status-publish","4":"format-standard","5":"has-post-thumbnail","7":"category-meu-pecado","8":"category-novelas","9":"category-resumo","10":"category-sbt","11":"category-televisao","12":"tag-resumo-do-dia"},"_links":{"self":[{"href":"https:\/\/migracao.redenoticia.com.br\/noticia\/wp-json\/wp\/v2\/posts\/236320","targetHints":{"allow":["GET"]}}],"collection":[{"href":"https:\/\/migracao.redenoticia.com.br\/noticia\/wp-json\/wp\/v2\/posts"}],"about":[{"href":"https:\/\/migracao.redenoticia.com.br\/noticia\/wp-json\/wp\/v2\/types\/post"}],"author":[{"embeddable":true,"href":"https:\/\/migracao.redenoticia.com.br\/noticia\/wp-json\/wp\/v2\/users\/4"}],"replies":[{"embeddable":true,"href":"https:\/\/migracao.redenoticia.com.br\/noticia\/wp-json\/wp\/v2\/comments?post=236320"}],"version-history":[{"count":0,"href":"https:\/\/migracao.redenoticia.com.br\/noticia\/wp-json\/wp\/v2\/posts\/236320\/revisions"}],"wp:featuredmedia":[{"embeddable":true,"href":"https:\/\/migracao.redenoticia.com.br\/noticia\/wp-json\/wp\/v2\/media\/235438"}],"wp:attachment":[{"href":"https:\/\/migracao.redenoticia.com.br\/noticia\/wp-json\/wp\/v2\/media?parent=236320"}],"wp:term":[{"taxonomy":"category","embeddable":true,"href":"https:\/\/migracao.redenoticia.com.br\/noticia\/wp-json\/wp\/v2\/categories?post=236320"},{"taxonomy":"post_tag","embeddable":true,"href":"https:\/\/migracao.redenoticia.com.br\/noticia\/wp-json\/wp\/v2\/tags?post=236320"}],"curies":[{"name":"wp","href":"https:\/\/api.w.org\/{rel}","templated":true}]}}