{"id":236325,"date":"2023-08-23T16:20:02","date_gmt":"2023-08-23T19:20:02","guid":{"rendered":"https:\/\/www.redenoticia.com.br\/noticia\/?p=236325"},"modified":"2023-08-23T16:20:02","modified_gmt":"2023-08-23T19:20:02","slug":"resumo-sera-isso-amor-24-08-serkan-escuta-a-conversa-de-eda","status":"publish","type":"post","link":"https:\/\/migracao.redenoticia.com.br\/noticia\/2023\/resumo-sera-isso-amor-24-08-serkan-escuta-a-conversa-de-eda\/236325","title":{"rendered":"Resumo \u201cSer\u00e1 Isso Amor?\u201d 24\/08: Serkan escuta a conversa de Eda"},"content":{"rendered":"<p> <img loading=\"lazy\" decoding=\"async\" class=\"aligncenter size-full wp-image-235988\" src=\"https:\/\/migracao.redenoticia.com.br\/noticia\/imagens\/novela-sera-isso-amor-tnt-resumo-elenco.jpg\" alt=\"\" width=\"1280\" height=\"720\" srcset=\"https:\/\/migracao.redenoticia.com.br\/noticia\/imagens\/novela-sera-isso-amor-tnt-resumo-elenco.jpg 1280w, https:\/\/migracao.redenoticia.com.br\/noticia\/imagens\/novela-sera-isso-amor-tnt-resumo-elenco-250x140.jpg 250w, https:\/\/migracao.redenoticia.com.br\/noticia\/imagens\/novela-sera-isso-amor-tnt-resumo-elenco-400x225.jpg 400w, https:\/\/migracao.redenoticia.com.br\/noticia\/imagens\/novela-sera-isso-amor-tnt-resumo-elenco-768x432.jpg 768w, https:\/\/migracao.redenoticia.com.br\/noticia\/imagens\/novela-sera-isso-amor-tnt-resumo-elenco-150x84.jpg 150w\" sizes=\"auto, (max-width: 1280px) 100vw, 1280px\" \/><\/p>\n<p><strong><em>Resumo da novela \u201cSer\u00e1 Isso Amor?\u201d<\/em><\/strong> em 24\/08: no cap\u00edtulo 044(*) da novela, Eda est\u00e1 nas nuvens e anuncia sobre o aluguel da casa e do escrit\u00f3rio de Serkan na It\u00e1lia. Ele quer se apegar mais a Eda e tenta saber mais sobre como Eda reagiria \u00e0 verdade. Ele faz v\u00e1rias perguntas a ela sobre o passado e o perd\u00e3o. A resposta de Eda \u00e0s perguntas o deixa confuso sobre dizer a verdade. Efe organiza uma refei\u00e7\u00e3o para a uni\u00e3o da equipe. Este jantar, em que participa todo o grupo, vive momentos de divers\u00e3o e competi\u00e7\u00e3o.<\/p>\n<p>Serkan faz algo horr\u00edvel e sua m\u00e3e fica preocupada. Ceren se irrita com Ferit, mas logo se arrepende. Selin e Eda fazem algo divertido juntas.  &#8230; <em>Em detalhes,<\/em> Os pensamentos de Serkan sobre a verdade dos pais de Eda refletiram em sua atitude em rela\u00e7\u00e3o a Eda. Eda percebe que Serkan tem um problema com ela. Serkan e Eda passam por duras discuss\u00f5es. Mas Serkan decide pedir perd\u00e3o, e para dizer a verdade chega \u00e0 porta de Eda. Infelizmente, Serkan escuta a conversa de Eda, onde ela afirma claramente que n\u00e3o pode perdoar ningu\u00e9m envolvido na morte de seus pais. Serkan deixa um bilhete para Eda se encontrar com ele no local onde tudo come\u00e7ou. Serkan culpa o trabalho e termina seu relacionamento com Eda sem dizer que o verdadeiro motivo \u00e9 a morte dos pais dela por neglig\u00eancia de Alptekin.<\/p>\n<p>Efe conta a todos algo importante no brunch, o que leva a uma discuss\u00e3o entre Eda e Serkan. Eda verifica o telefone de Ayfer e encontra algo horr\u00edvel. &#8230; <em>Em detalhes,<\/em> Serkan termina seu relacionamento com Eda. Eda fica destru\u00edda quando Serkan a deixa. Ela decide ir para a It\u00e1lia e completar seus estudos. Mas, desta vez, ela descobre que a doadora da bolsa italiana \u00e9 sua av\u00f3, e sua tia \u00e9 a intermedi\u00e1ria. Eda rompe com a tia e decide n\u00e3o permitir mais que ningu\u00e9m interfira em sua vida. <\/p>\n<p>(*) edi\u00e7\u00e3o das novelas da TNT\/HBO, \u201cSer\u00e1 Isso Amor?\u201d, sujeito a altera\u00e7\u00e3o de data e conte\u00fado.<\/p>\n<p>Sinopse &#8220;Ser\u00e1 Isso Amor?&#8221;: (Primeira Temporada) Eda n\u00e3o consegue concluir sua gradua\u00e7\u00e3o na faculdade de arquitetura paisag\u00edstica por causa de Serkan Bolat. Serkan tem uma ex-namorada, Selin, que ficou noiva recentemente ap\u00f3s o rompimento. Para recuper\u00e1-la, Serkan oferece a Eda um contrato segundo o qual ela deve fingir ser sua noiva por dois meses. Ela aceita a oferta e n\u00e3o demora para surgir algo entre eles. <\/p>\n<p>(Segunda Temporada) Serkan e Eda passam por momentos dif\u00edceis durante o tratamento de c\u00e2ncer dele, que fica obcecado com sua doen\u00e7a e que vira um homem completamente diferente ap\u00f3s sobreviver. Serkan volta a se concentrar apenas em seu trabalho, que aos poucos o afasta de Eda. Mais tarde, ela vai para a It\u00e1lia para concluir seus estudos, enquanto Serkan continua com sua vida. Mas quando eles finalmente se reencontram ap\u00f3s 5 longos anos, a vida tem uma surpresa para ambos.[]<\/p>\n","protected":false},"excerpt":{"rendered":"<p>Resumo da novela \u201cSer\u00e1 Isso Amor?\u201d em 24\/08: no cap\u00edtulo 044(*) da novela, Eda est\u00e1 nas nuvens e anuncia sobre o aluguel da casa e do escrit\u00f3rio de Serkan na It\u00e1lia. Ele quer se apegar mais a Eda e tenta saber mais sobre como Eda reagiria \u00e0 verdade. Ele faz v\u00e1rias perguntas a ela sobre [&hellip;]<\/p>\n","protected":false},"author":4,"featured_media":235990,"comment_status":"closed","ping_status":"closed","sticky":false,"template":"","format":"standard","meta":{"tdm_status":"","tdm_grid_status":"","footnotes":""},"categories":[379,2025,2316,343,2315],"tags":[441],"class_list":{"0":"post-236325","1":"post","2":"type-post","3":"status-publish","4":"format-standard","5":"has-post-thumbnail","7":"category-novelas","8":"category-resumo","9":"category-sera-isso-amor","10":"category-televisao","11":"category-tnt","12":"tag-resumo-do-dia"},"_links":{"self":[{"href":"https:\/\/migracao.redenoticia.com.br\/noticia\/wp-json\/wp\/v2\/posts\/236325","targetHints":{"allow":["GET"]}}],"collection":[{"href":"https:\/\/migracao.redenoticia.com.br\/noticia\/wp-json\/wp\/v2\/posts"}],"about":[{"href":"https:\/\/migracao.redenoticia.com.br\/noticia\/wp-json\/wp\/v2\/types\/post"}],"author":[{"embeddable":true,"href":"https:\/\/migracao.redenoticia.com.br\/noticia\/wp-json\/wp\/v2\/users\/4"}],"replies":[{"embeddable":true,"href":"https:\/\/migracao.redenoticia.com.br\/noticia\/wp-json\/wp\/v2\/comments?post=236325"}],"version-history":[{"count":0,"href":"https:\/\/migracao.redenoticia.com.br\/noticia\/wp-json\/wp\/v2\/posts\/236325\/revisions"}],"wp:featuredmedia":[{"embeddable":true,"href":"https:\/\/migracao.redenoticia.com.br\/noticia\/wp-json\/wp\/v2\/media\/235990"}],"wp:attachment":[{"href":"https:\/\/migracao.redenoticia.com.br\/noticia\/wp-json\/wp\/v2\/media?parent=236325"}],"wp:term":[{"taxonomy":"category","embeddable":true,"href":"https:\/\/migracao.redenoticia.com.br\/noticia\/wp-json\/wp\/v2\/categories?post=236325"},{"taxonomy":"post_tag","embeddable":true,"href":"https:\/\/migracao.redenoticia.com.br\/noticia\/wp-json\/wp\/v2\/tags?post=236325"}],"curies":[{"name":"wp","href":"https:\/\/api.w.org\/{rel}","templated":true}]}}