{"id":236381,"date":"2023-08-24T18:49:06","date_gmt":"2023-08-24T21:49:06","guid":{"rendered":"https:\/\/www.redenoticia.com.br\/noticia\/?p=236381"},"modified":"2023-08-24T18:49:06","modified_gmt":"2023-08-24T21:49:06","slug":"resumo-terra-e-paixao-25-08-caio-abraca-jonatas-ao-saber-que-eles-sao-irmaos","status":"publish","type":"post","link":"https:\/\/migracao.redenoticia.com.br\/noticia\/2023\/resumo-terra-e-paixao-25-08-caio-abraca-jonatas-ao-saber-que-eles-sao-irmaos\/236381","title":{"rendered":"Resumo &#8220;Terra e Paix\u00e3o&#8221; 25\/08: Caio abra\u00e7a Jonatas ao saber que eles s\u00e3o irm\u00e3os"},"content":{"rendered":"<p> <img loading=\"lazy\" decoding=\"async\" src=\"https:\/\/migracao.redenoticia.com.br\/noticia\/imagens\/novela-terra-e-paixao-resumo.jpg\" alt=\"\" width=\"1280\" height=\"720\" class=\"aligncenter size-full wp-image-231930\" srcset=\"https:\/\/migracao.redenoticia.com.br\/noticia\/imagens\/novela-terra-e-paixao-resumo.jpg 1280w, https:\/\/migracao.redenoticia.com.br\/noticia\/imagens\/novela-terra-e-paixao-resumo-250x140.jpg 250w, https:\/\/migracao.redenoticia.com.br\/noticia\/imagens\/novela-terra-e-paixao-resumo-400x225.jpg 400w, https:\/\/migracao.redenoticia.com.br\/noticia\/imagens\/novela-terra-e-paixao-resumo-768x432.jpg 768w, https:\/\/migracao.redenoticia.com.br\/noticia\/imagens\/novela-terra-e-paixao-resumo-150x84.jpg 150w\" sizes=\"auto, (max-width: 1280px) 100vw, 1280px\" \/> <\/p>\n<p><strong><em>Resumo da novela &#8220;Terra e Paix\u00e3o&#8221;<\/em><\/strong> em 25\/08: no cap\u00edtulo 095(*) da novela, Jonatas avisa a Gentil que ir\u00e1 procurar Caio para alertar o irm\u00e3o sobre Agatha. Lucinda marca o encontro de Aline com o ge\u00f3logo Miguel. Lucinda paga a fian\u00e7a para libertar Andrade. H\u00e9lio convida Petra para um piquenique. Irene diz a Vin\u00edcius que precisa das terras de Aline e prop\u00f5e ao ge\u00f3logo que seja seu aliado. Caio abra\u00e7a Jonatas ao saber que eles s\u00e3o irm\u00e3os. <\/p>\n<p>Anely comenta com Luigi que Agatha tem alguma liga\u00e7\u00e3o com Gentil. Jonatas avisa a Caio para tomar cuidado com Agatha. Irene flagra a atriz que dizia ser m\u00e3e de Luigi fazendo teatro na rua. Jonatas procura Gra\u00e7a, dizendo que aceita se juntar a ela para separar Aline de Caio. Irene garante a Ant\u00f4nio que entregar\u00e1 as terras de Aline na m\u00e3o do marido, al\u00e9m de faz\u00ea-lo esquecer Agatha.<\/p>\n<p>(*) edi\u00e7\u00e3o das novelas da Globo, &#8220;Terra e Paix\u00e3o&#8221;, sujeito a altera\u00e7\u00e3o de data e conte\u00fado.<\/p>\n<p>Sinopse &#8220;Terra e Paix\u00e3o&#8221;: Aline vive ao lado do marido Samuel e do filho Jo\u00e3o. Ap\u00f3s um atentado em sua casa, v\u00ea-se sozinha com o menino diante das terras deixadas pelo marido. Aline aprende a plantar com a ajuda de Jonatas, um amigo fiel. Al\u00e9m de contar com ele, tem ao seu lado sua m\u00e3e. Aline se aproxima dos irm\u00e3os Caio e Daniel, filhos do poderoso fazendeiro Ant\u00f4nio, com quem precisa brigar para manter suas terras. Ao lado dos dois rapazes, descobre sentimentos novos. Ant\u00f4nio La Selva \u00e9 casado com Irene com quem tem dois filhos, Daniel e Petra. Ele foi muito apaixonado por Agatha, com quem teve Caio, e culpa o rapaz pela morte da m\u00e3e no pr\u00e9-parto.<\/p>\n","protected":false},"excerpt":{"rendered":"<p>Resumo da novela &#8220;Terra e Paix\u00e3o&#8221; em 25\/08: no cap\u00edtulo 095(*) da novela, Jonatas avisa a Gentil que ir\u00e1 procurar Caio para alertar o irm\u00e3o sobre Agatha. Lucinda marca o encontro de Aline com o ge\u00f3logo Miguel. Lucinda paga a fian\u00e7a para libertar Andrade. H\u00e9lio convida Petra para um piquenique. Irene diz a Vin\u00edcius que [&hellip;]<\/p>\n","protected":false},"author":3,"featured_media":231928,"comment_status":"closed","ping_status":"closed","sticky":false,"template":"","format":"standard","meta":{"tdm_status":"","tdm_grid_status":"","footnotes":""},"categories":[379,375,2025,343,2305],"tags":[441],"class_list":{"0":"post-236381","1":"post","2":"type-post","3":"status-publish","4":"format-standard","5":"has-post-thumbnail","7":"category-novelas","8":"category-rede-globo","9":"category-resumo","10":"category-televisao","11":"category-terra-e-paixao","12":"tag-resumo-do-dia"},"_links":{"self":[{"href":"https:\/\/migracao.redenoticia.com.br\/noticia\/wp-json\/wp\/v2\/posts\/236381","targetHints":{"allow":["GET"]}}],"collection":[{"href":"https:\/\/migracao.redenoticia.com.br\/noticia\/wp-json\/wp\/v2\/posts"}],"about":[{"href":"https:\/\/migracao.redenoticia.com.br\/noticia\/wp-json\/wp\/v2\/types\/post"}],"author":[{"embeddable":true,"href":"https:\/\/migracao.redenoticia.com.br\/noticia\/wp-json\/wp\/v2\/users\/3"}],"replies":[{"embeddable":true,"href":"https:\/\/migracao.redenoticia.com.br\/noticia\/wp-json\/wp\/v2\/comments?post=236381"}],"version-history":[{"count":0,"href":"https:\/\/migracao.redenoticia.com.br\/noticia\/wp-json\/wp\/v2\/posts\/236381\/revisions"}],"wp:featuredmedia":[{"embeddable":true,"href":"https:\/\/migracao.redenoticia.com.br\/noticia\/wp-json\/wp\/v2\/media\/231928"}],"wp:attachment":[{"href":"https:\/\/migracao.redenoticia.com.br\/noticia\/wp-json\/wp\/v2\/media?parent=236381"}],"wp:term":[{"taxonomy":"category","embeddable":true,"href":"https:\/\/migracao.redenoticia.com.br\/noticia\/wp-json\/wp\/v2\/categories?post=236381"},{"taxonomy":"post_tag","embeddable":true,"href":"https:\/\/migracao.redenoticia.com.br\/noticia\/wp-json\/wp\/v2\/tags?post=236381"}],"curies":[{"name":"wp","href":"https:\/\/api.w.org\/{rel}","templated":true}]}}