{"id":236423,"date":"2023-08-25T16:18:55","date_gmt":"2023-08-25T19:18:55","guid":{"rendered":"https:\/\/www.redenoticia.com.br\/noticia\/?p=236423"},"modified":"2023-08-25T16:18:55","modified_gmt":"2023-08-25T19:18:55","slug":"resumo-terra-e-paixao-26-08-jurece-desmaia-ao-ver-uma-sombra-sobre-agatha","status":"publish","type":"post","link":"https:\/\/migracao.redenoticia.com.br\/noticia\/2023\/resumo-terra-e-paixao-26-08-jurece-desmaia-ao-ver-uma-sombra-sobre-agatha\/236423","title":{"rendered":"Resumo &#8220;Terra e Paix\u00e3o&#8221; 26\/08: Jurec\u00ea desmaia ao ver uma sombra sobre Agatha"},"content":{"rendered":"<p> <img loading=\"lazy\" decoding=\"async\" src=\"https:\/\/migracao.redenoticia.com.br\/noticia\/imagens\/novela-terra-e-paixao-resumo.jpg\" alt=\"\" width=\"1280\" height=\"720\" class=\"aligncenter size-full wp-image-231930\" srcset=\"https:\/\/migracao.redenoticia.com.br\/noticia\/imagens\/novela-terra-e-paixao-resumo.jpg 1280w, https:\/\/migracao.redenoticia.com.br\/noticia\/imagens\/novela-terra-e-paixao-resumo-250x140.jpg 250w, https:\/\/migracao.redenoticia.com.br\/noticia\/imagens\/novela-terra-e-paixao-resumo-400x225.jpg 400w, https:\/\/migracao.redenoticia.com.br\/noticia\/imagens\/novela-terra-e-paixao-resumo-768x432.jpg 768w, https:\/\/migracao.redenoticia.com.br\/noticia\/imagens\/novela-terra-e-paixao-resumo-150x84.jpg 150w\" sizes=\"auto, (max-width: 1280px) 100vw, 1280px\" \/> <\/p>\n<p><strong><em>Resumo da novela &#8220;Terra e Paix\u00e3o&#8221;<\/em><\/strong> em 26\/08: no cap\u00edtulo 096(*) da novela, Irene diz a Ant\u00f4nio que provar\u00e1 que Agatha \u00e9 falsa e ardilosa. Jonatas avisa a Gra\u00e7a que n\u00e3o quer fazer mal a Aline. Marino descobre que Greg\u00f3rio fez liga\u00e7\u00f5es para Nice. Kelvin d\u00e1 um ch\u00e1 receitado por Agatha para Ramiro, a fim de faz\u00ea-lo se apaixonar por ele. Anely fica sabendo por Agatha que Jonatas \u00e9 irm\u00e3o de Caio, e conta para Luigi. <\/p>\n<p>Caio conta a Aline que \u00e9 irm\u00e3o de Jonatas. Marino indaga Nice sobre o sequestro de Agatha, e a mo\u00e7a exige a presen\u00e7a de um advogado. Aline tenta consolar Jonatas. Luigi se surpreende ao aceitar um convite de Irene e encontrar a atriz que contratou para fingir ser sua m\u00e3e. Jurec\u00ea desmaia ao ver uma sombra sobre a cabe\u00e7a de Agatha.<\/p>\n<p>(*) edi\u00e7\u00e3o das novelas da Globo, &#8220;Terra e Paix\u00e3o&#8221;, sujeito a altera\u00e7\u00e3o de data e conte\u00fado.<\/p>\n<p>Sinopse &#8220;Terra e Paix\u00e3o&#8221;: Aline vive ao lado do marido Samuel e do filho Jo\u00e3o. Ap\u00f3s um atentado em sua casa, v\u00ea-se sozinha com o menino diante das terras deixadas pelo marido. Aline aprende a plantar com a ajuda de Jonatas, um amigo fiel. Al\u00e9m de contar com ele, tem ao seu lado sua m\u00e3e. Aline se aproxima dos irm\u00e3os Caio e Daniel, filhos do poderoso fazendeiro Ant\u00f4nio, com quem precisa brigar para manter suas terras. Ao lado dos dois rapazes, descobre sentimentos novos. Ant\u00f4nio La Selva \u00e9 casado com Irene com quem tem dois filhos, Daniel e Petra. Ele foi muito apaixonado por Agatha, com quem teve Caio, e culpa o rapaz pela morte da m\u00e3e no pr\u00e9-parto.<\/p>\n","protected":false},"excerpt":{"rendered":"<p>Resumo da novela &#8220;Terra e Paix\u00e3o&#8221; em 26\/08: no cap\u00edtulo 096(*) da novela, Irene diz a Ant\u00f4nio que provar\u00e1 que Agatha \u00e9 falsa e ardilosa. Jonatas avisa a Gra\u00e7a que n\u00e3o quer fazer mal a Aline. Marino descobre que Greg\u00f3rio fez liga\u00e7\u00f5es para Nice. Kelvin d\u00e1 um ch\u00e1 receitado por Agatha para Ramiro, a fim [&hellip;]<\/p>\n","protected":false},"author":2,"featured_media":231928,"comment_status":"closed","ping_status":"closed","sticky":false,"template":"","format":"standard","meta":{"tdm_status":"","tdm_grid_status":"","footnotes":""},"categories":[379,375,2025,343,2305],"tags":[441],"class_list":{"0":"post-236423","1":"post","2":"type-post","3":"status-publish","4":"format-standard","5":"has-post-thumbnail","7":"category-novelas","8":"category-rede-globo","9":"category-resumo","10":"category-televisao","11":"category-terra-e-paixao","12":"tag-resumo-do-dia"},"_links":{"self":[{"href":"https:\/\/migracao.redenoticia.com.br\/noticia\/wp-json\/wp\/v2\/posts\/236423","targetHints":{"allow":["GET"]}}],"collection":[{"href":"https:\/\/migracao.redenoticia.com.br\/noticia\/wp-json\/wp\/v2\/posts"}],"about":[{"href":"https:\/\/migracao.redenoticia.com.br\/noticia\/wp-json\/wp\/v2\/types\/post"}],"author":[{"embeddable":true,"href":"https:\/\/migracao.redenoticia.com.br\/noticia\/wp-json\/wp\/v2\/users\/2"}],"replies":[{"embeddable":true,"href":"https:\/\/migracao.redenoticia.com.br\/noticia\/wp-json\/wp\/v2\/comments?post=236423"}],"version-history":[{"count":0,"href":"https:\/\/migracao.redenoticia.com.br\/noticia\/wp-json\/wp\/v2\/posts\/236423\/revisions"}],"wp:featuredmedia":[{"embeddable":true,"href":"https:\/\/migracao.redenoticia.com.br\/noticia\/wp-json\/wp\/v2\/media\/231928"}],"wp:attachment":[{"href":"https:\/\/migracao.redenoticia.com.br\/noticia\/wp-json\/wp\/v2\/media?parent=236423"}],"wp:term":[{"taxonomy":"category","embeddable":true,"href":"https:\/\/migracao.redenoticia.com.br\/noticia\/wp-json\/wp\/v2\/categories?post=236423"},{"taxonomy":"post_tag","embeddable":true,"href":"https:\/\/migracao.redenoticia.com.br\/noticia\/wp-json\/wp\/v2\/tags?post=236423"}],"curies":[{"name":"wp","href":"https:\/\/api.w.org\/{rel}","templated":true}]}}