{"id":236456,"date":"2023-08-26T18:33:48","date_gmt":"2023-08-26T21:33:48","guid":{"rendered":"https:\/\/www.redenoticia.com.br\/noticia\/?p=236456"},"modified":"2023-08-26T18:33:48","modified_gmt":"2023-08-26T21:33:48","slug":"resumo-terra-e-paixao-28-08-agatha-nao-consegue-entrar-na-oca-de-jurece","status":"publish","type":"post","link":"https:\/\/migracao.redenoticia.com.br\/noticia\/2023\/resumo-terra-e-paixao-28-08-agatha-nao-consegue-entrar-na-oca-de-jurece\/236456","title":{"rendered":"Resumo &#8220;Terra e Paix\u00e3o&#8221; 28\/08: Agatha n\u00e3o consegue entrar na oca de Jurec\u00ea"},"content":{"rendered":"<p> <img loading=\"lazy\" decoding=\"async\" src=\"https:\/\/migracao.redenoticia.com.br\/noticia\/imagens\/novela-terra-e-paixao-resumo.jpg\" alt=\"\" width=\"1280\" height=\"720\" class=\"aligncenter size-full wp-image-231930\" srcset=\"https:\/\/migracao.redenoticia.com.br\/noticia\/imagens\/novela-terra-e-paixao-resumo.jpg 1280w, https:\/\/migracao.redenoticia.com.br\/noticia\/imagens\/novela-terra-e-paixao-resumo-250x140.jpg 250w, https:\/\/migracao.redenoticia.com.br\/noticia\/imagens\/novela-terra-e-paixao-resumo-400x225.jpg 400w, https:\/\/migracao.redenoticia.com.br\/noticia\/imagens\/novela-terra-e-paixao-resumo-768x432.jpg 768w, https:\/\/migracao.redenoticia.com.br\/noticia\/imagens\/novela-terra-e-paixao-resumo-150x84.jpg 150w\" sizes=\"auto, (max-width: 1280px) 100vw, 1280px\" \/> <\/p>\n<p><strong><em>Resumo da novela &#8220;Terra e Paix\u00e3o&#8221;<\/em><\/strong> em 28\/08: no cap\u00edtulo 097(*) da novela, Jurec\u00ea desmaia ao ver uma sombra sobre a cabe\u00e7a de Agatha. Caio estranha a rea\u00e7\u00e3o de Agatha, que n\u00e3o consegue entrar na oca de Jurec\u00ea. Irene exige uma explica\u00e7\u00e3o de Luigi. Marino alerta Nice para ela n\u00e3o fugir. Miguel avisa a Aline que ela precisar\u00e1 de muito dinheiro para fazer a pesquisa em suas terras. Jurec\u00ea diz a Caio que ele tem que achar o objeto de prote\u00e7\u00e3o que recebeu quando menino. <\/p>\n<p>Irene imp\u00f5e condi\u00e7\u00f5es a Luigi para n\u00e3o contar a Ant\u00f4nio que o italiano mentiu. Nice amea\u00e7a Irene e pede que ela lhe arrume um bom advogado. Silv\u00e9rio conta a Ant\u00f4nio que Irene contratou uma advogada para Nice. Ant\u00f4nio manda Ramiro proteger Agatha. Nice deixa Andrade morar no bar. Gladys aconselha Lucinda a reatar com Andrade. Ant\u00f4nio entra no quarto de Agatha.<\/p>\n<p>(*) edi\u00e7\u00e3o das novelas da Globo, &#8220;Terra e Paix\u00e3o&#8221;, sujeito a altera\u00e7\u00e3o de data e conte\u00fado.<\/p>\n<p>Sinopse &#8220;Terra e Paix\u00e3o&#8221;: Aline vive ao lado do marido Samuel e do filho Jo\u00e3o. Ap\u00f3s um atentado em sua casa, v\u00ea-se sozinha com o menino diante das terras deixadas pelo marido. Aline aprende a plantar com a ajuda de Jonatas, um amigo fiel. Al\u00e9m de contar com ele, tem ao seu lado sua m\u00e3e. Aline se aproxima dos irm\u00e3os Caio e Daniel, filhos do poderoso fazendeiro Ant\u00f4nio, com quem precisa brigar para manter suas terras. Ao lado dos dois rapazes, descobre sentimentos novos. Ant\u00f4nio La Selva \u00e9 casado com Irene com quem tem dois filhos, Daniel e Petra. Ele foi muito apaixonado por Agatha, com quem teve Caio, e culpa o rapaz pela morte da m\u00e3e no pr\u00e9-parto. <\/p>\n","protected":false},"excerpt":{"rendered":"<p>Resumo da novela &#8220;Terra e Paix\u00e3o&#8221; em 28\/08: no cap\u00edtulo 097(*) da novela, Jurec\u00ea desmaia ao ver uma sombra sobre a cabe\u00e7a de Agatha. Caio estranha a rea\u00e7\u00e3o de Agatha, que n\u00e3o consegue entrar na oca de Jurec\u00ea. Irene exige uma explica\u00e7\u00e3o de Luigi. Marino alerta Nice para ela n\u00e3o fugir. Miguel avisa a Aline [&hellip;]<\/p>\n","protected":false},"author":2,"featured_media":231928,"comment_status":"closed","ping_status":"closed","sticky":false,"template":"","format":"standard","meta":{"tdm_status":"","tdm_grid_status":"","footnotes":""},"categories":[379,375,2025,343,2305],"tags":[441],"class_list":{"0":"post-236456","1":"post","2":"type-post","3":"status-publish","4":"format-standard","5":"has-post-thumbnail","7":"category-novelas","8":"category-rede-globo","9":"category-resumo","10":"category-televisao","11":"category-terra-e-paixao","12":"tag-resumo-do-dia"},"_links":{"self":[{"href":"https:\/\/migracao.redenoticia.com.br\/noticia\/wp-json\/wp\/v2\/posts\/236456","targetHints":{"allow":["GET"]}}],"collection":[{"href":"https:\/\/migracao.redenoticia.com.br\/noticia\/wp-json\/wp\/v2\/posts"}],"about":[{"href":"https:\/\/migracao.redenoticia.com.br\/noticia\/wp-json\/wp\/v2\/types\/post"}],"author":[{"embeddable":true,"href":"https:\/\/migracao.redenoticia.com.br\/noticia\/wp-json\/wp\/v2\/users\/2"}],"replies":[{"embeddable":true,"href":"https:\/\/migracao.redenoticia.com.br\/noticia\/wp-json\/wp\/v2\/comments?post=236456"}],"version-history":[{"count":0,"href":"https:\/\/migracao.redenoticia.com.br\/noticia\/wp-json\/wp\/v2\/posts\/236456\/revisions"}],"wp:featuredmedia":[{"embeddable":true,"href":"https:\/\/migracao.redenoticia.com.br\/noticia\/wp-json\/wp\/v2\/media\/231928"}],"wp:attachment":[{"href":"https:\/\/migracao.redenoticia.com.br\/noticia\/wp-json\/wp\/v2\/media?parent=236456"}],"wp:term":[{"taxonomy":"category","embeddable":true,"href":"https:\/\/migracao.redenoticia.com.br\/noticia\/wp-json\/wp\/v2\/categories?post=236456"},{"taxonomy":"post_tag","embeddable":true,"href":"https:\/\/migracao.redenoticia.com.br\/noticia\/wp-json\/wp\/v2\/tags?post=236456"}],"curies":[{"name":"wp","href":"https:\/\/api.w.org\/{rel}","templated":true}]}}