{"id":236492,"date":"2023-08-27T18:51:11","date_gmt":"2023-08-27T21:51:11","guid":{"rendered":"https:\/\/www.redenoticia.com.br\/noticia\/?p=236492"},"modified":"2023-08-27T18:51:11","modified_gmt":"2023-08-27T21:51:11","slug":"resumo-a-infancia-de-romeu-e-julieta-28-08-vitor-chantageia-glaucia","status":"publish","type":"post","link":"https:\/\/migracao.redenoticia.com.br\/noticia\/2023\/resumo-a-infancia-de-romeu-e-julieta-28-08-vitor-chantageia-glaucia\/236492","title":{"rendered":"Resumo \u201cA Inf\u00e2ncia de Romeu e Julieta\u201d 28\/08: Vitor chantageia Glaucia"},"content":{"rendered":"<p> <img loading=\"lazy\" decoding=\"async\" src=\"https:\/\/migracao.redenoticia.com.br\/noticia\/imagens\/novela-romeu-e-julieta-sbt-elenco-resumo.jpg\" alt=\"\" width=\"1280\" height=\"720\" class=\"aligncenter size-full wp-image-232242\" srcset=\"https:\/\/migracao.redenoticia.com.br\/noticia\/imagens\/novela-romeu-e-julieta-sbt-elenco-resumo.jpg 1280w, https:\/\/migracao.redenoticia.com.br\/noticia\/imagens\/novela-romeu-e-julieta-sbt-elenco-resumo-250x140.jpg 250w, https:\/\/migracao.redenoticia.com.br\/noticia\/imagens\/novela-romeu-e-julieta-sbt-elenco-resumo-400x225.jpg 400w, https:\/\/migracao.redenoticia.com.br\/noticia\/imagens\/novela-romeu-e-julieta-sbt-elenco-resumo-768x432.jpg 768w, https:\/\/migracao.redenoticia.com.br\/noticia\/imagens\/novela-romeu-e-julieta-sbt-elenco-resumo-150x84.jpg 150w\" sizes=\"auto, (max-width: 1280px) 100vw, 1280px\" \/><\/p>\n<p><strong><em>Resumo da novela \u201cA Inf\u00e2ncia de Romeu e Julieta\u201d<\/em><\/strong> em 28\/08: no cap\u00edtulo 081(*) da novela, Nando revela aos amigos o sentimento confidencial de Karen. Em conversa com Amanda, Mariana se diz confusa com a aproxima\u00e7\u00e3o de Daniel; Amanda acredita que Mariana ainda esteja apaixonada pelo ex-marido. Bernardo comenta com Vera e Leandro que a fam\u00edlia Monteiro deveria participar da Festa da \u00c1rvore. Na piscina do condom\u00ednio, L\u00edvia fica junto de Alex; o garoto conta que Karen gosta de Romeu. Amanda aconselha T\u00e9o a aceitar o t\u00e9rmino com L\u00edvia. Com segredo de Glaucia em suas m\u00e3os, Vitor a chantageia e pede um b\u00f4nus para comprar um sapato. <\/p>\n<p>Julieta pergunta para L\u00edvia se ela gosta de Alex; L\u00edvia revela tamb\u00e9m que Karen levou um fora de Romeu. Na quadra do CEC, Dimitri, Ellen, Ian e Nath conseguem abrir o portal para o Mundo da Imagina\u00e7\u00e3o. Clara diz para Bernardo que seria interessante reviver o \u201cJogo da Bandeira\u201d no dia da Festa da \u00c1rvore, Bernardo acha uma \u00f3tima ideia a brincadeira depois de d\u00e9cadas sem; H\u00e9lio discorda. Dimitri, Ellen, Ian e Nath entram no Mundo da Imagina\u00e7\u00e3o e v\u00e3o parar em um cen\u00e1rio semelhante a um ferro-velho. Fausto precisa de atores para sua pe\u00e7a na Festa da \u00c1rvore e P\u00f3rcia convida Vitor e Bass\u00e2nio.<\/p>\n<p>(*) edi\u00e7\u00e3o das novelas do SBT, \u201cA Inf\u00e2ncia de Romeu e Julieta\u201d, sujeito a altera\u00e7\u00e3o de data e conte\u00fado.<\/p>\n<p>Sinopse \u201cA Inf\u00e2ncia de Romeu e Julieta\u201d: A Trama se passa no bairro chamado castanheiras, em que duas fam\u00edlias com propostas diferentes para esse bairro vivem em disc\u00f3rdia, sendo divididas entre os lados Torre (Campos) e Vila (Monteiro).[6] Entretanto, Romeu (Miguel \u00c2ngelo) e Julieta (Vitt\u00f3ria Seixas) se conhecem, da\u00ed em diante, as fam\u00edlias rivais t\u00eam uma nova oportunidade de trazer paz e uni\u00e3o entre o conv\u00edvio deles. <\/p>\n<p>Romeu e Julieta n\u00e3o sabem como v\u00e3o fazer para ficarem juntos. A not\u00edcia do romance chega \u00e0s fam\u00edlias, que n\u00e3o gostam nada da hist\u00f3ria e tratam de afasta-los imediatamente, aprontando v\u00e1rias situa\u00e7\u00f5es. Romeu e Julieta querem acabar com essa hostilidade e tentam ir atr\u00e1s de uma solu\u00e7\u00e3o, mas ao descobrirem mais sobre a hist\u00f3ria de seus pais, percebem que pode ser imposs\u00edvel.<\/p>\n","protected":false},"excerpt":{"rendered":"<p>Resumo da novela \u201cA Inf\u00e2ncia de Romeu e Julieta\u201d em 28\/08: no cap\u00edtulo 081(*) da novela, Nando revela aos amigos o sentimento confidencial de Karen. Em conversa com Amanda, Mariana se diz confusa com a aproxima\u00e7\u00e3o de Daniel; Amanda acredita que Mariana ainda esteja apaixonada pelo ex-marido. Bernardo comenta com Vera e Leandro que a [&hellip;]<\/p>\n","protected":false},"author":3,"featured_media":232241,"comment_status":"closed","ping_status":"closed","sticky":false,"template":"","format":"standard","meta":{"tdm_status":"","tdm_grid_status":"","footnotes":""},"categories":[2306,379,2025,372,343],"tags":[441],"class_list":{"0":"post-236492","1":"post","2":"type-post","3":"status-publish","4":"format-standard","5":"has-post-thumbnail","7":"category-novela-romeu-e-julieta","8":"category-novelas","9":"category-resumo","10":"category-sbt","11":"category-televisao","12":"tag-resumo-do-dia"},"_links":{"self":[{"href":"https:\/\/migracao.redenoticia.com.br\/noticia\/wp-json\/wp\/v2\/posts\/236492","targetHints":{"allow":["GET"]}}],"collection":[{"href":"https:\/\/migracao.redenoticia.com.br\/noticia\/wp-json\/wp\/v2\/posts"}],"about":[{"href":"https:\/\/migracao.redenoticia.com.br\/noticia\/wp-json\/wp\/v2\/types\/post"}],"author":[{"embeddable":true,"href":"https:\/\/migracao.redenoticia.com.br\/noticia\/wp-json\/wp\/v2\/users\/3"}],"replies":[{"embeddable":true,"href":"https:\/\/migracao.redenoticia.com.br\/noticia\/wp-json\/wp\/v2\/comments?post=236492"}],"version-history":[{"count":0,"href":"https:\/\/migracao.redenoticia.com.br\/noticia\/wp-json\/wp\/v2\/posts\/236492\/revisions"}],"wp:featuredmedia":[{"embeddable":true,"href":"https:\/\/migracao.redenoticia.com.br\/noticia\/wp-json\/wp\/v2\/media\/232241"}],"wp:attachment":[{"href":"https:\/\/migracao.redenoticia.com.br\/noticia\/wp-json\/wp\/v2\/media?parent=236492"}],"wp:term":[{"taxonomy":"category","embeddable":true,"href":"https:\/\/migracao.redenoticia.com.br\/noticia\/wp-json\/wp\/v2\/categories?post=236492"},{"taxonomy":"post_tag","embeddable":true,"href":"https:\/\/migracao.redenoticia.com.br\/noticia\/wp-json\/wp\/v2\/tags?post=236492"}],"curies":[{"name":"wp","href":"https:\/\/api.w.org\/{rel}","templated":true}]}}