{"id":236502,"date":"2023-08-28T14:05:10","date_gmt":"2023-08-28T17:05:10","guid":{"rendered":"https:\/\/www.redenoticia.com.br\/noticia\/?p=236502"},"modified":"2023-08-28T14:05:10","modified_gmt":"2023-08-28T17:05:10","slug":"resumo-a-infancia-de-romeu-e-julieta-29-08-skate-de-diego-atinge-romeu","status":"publish","type":"post","link":"https:\/\/migracao.redenoticia.com.br\/noticia\/2023\/resumo-a-infancia-de-romeu-e-julieta-29-08-skate-de-diego-atinge-romeu\/236502","title":{"rendered":"Resumo \u201cA Inf\u00e2ncia de Romeu e Julieta\u201d 29\/08: Skate de Diego atinge Romeu"},"content":{"rendered":"<p> <img loading=\"lazy\" decoding=\"async\" src=\"https:\/\/migracao.redenoticia.com.br\/noticia\/imagens\/novela-romeu-e-julieta-sbt-elenco-resumo.jpg\" alt=\"\" width=\"1280\" height=\"720\" class=\"aligncenter size-full wp-image-232242\" srcset=\"https:\/\/migracao.redenoticia.com.br\/noticia\/imagens\/novela-romeu-e-julieta-sbt-elenco-resumo.jpg 1280w, https:\/\/migracao.redenoticia.com.br\/noticia\/imagens\/novela-romeu-e-julieta-sbt-elenco-resumo-250x140.jpg 250w, https:\/\/migracao.redenoticia.com.br\/noticia\/imagens\/novela-romeu-e-julieta-sbt-elenco-resumo-400x225.jpg 400w, https:\/\/migracao.redenoticia.com.br\/noticia\/imagens\/novela-romeu-e-julieta-sbt-elenco-resumo-768x432.jpg 768w, https:\/\/migracao.redenoticia.com.br\/noticia\/imagens\/novela-romeu-e-julieta-sbt-elenco-resumo-150x84.jpg 150w\" sizes=\"auto, (max-width: 1280px) 100vw, 1280px\" \/><\/p>\n<p><strong><em>Resumo da novela \u201cA Inf\u00e2ncia de Romeu e Julieta\u201d<\/em><\/strong> em 29\/08: no cap\u00edtulo 082(*) da novela, Fausto aceita Vitor e Bass\u00e2nio para contracenarem na pe\u00e7a da Festa da \u00c1rvore. Patrick leva o primo Diego para o restaurante e descobre que Julieta j\u00e1 conhecia o garoto. No Mundo da Imagina\u00e7\u00e3o, Dimitri, Ellen, Ian e Nath enfrentam o Homem Sucata.  Diego diz que vai participar da Festa da \u00c1rvore. H\u00e9lio decide fazer o \u201cJogo da Bandeira\u201d e disputar a brincadeira contra a fam\u00edlia Monteiro. Na rua, Diego faz manobra e deixa escapar skate, atingindo Romeu; Alex encara Diego. <\/p>\n<p>Equipe jornal\u00edstica faz mat\u00e9rias sobre o preparo da Festa da \u00c1rvore e fam\u00edlia Campos d\u00e1 entrevista evidenciando a vis\u00e3o deles sobre o bairro. Vitor alerta Fausto para ficar de olho na rela\u00e7\u00e3o de Bass\u00e2nio e P\u00f3rcia. T\u00e9o ignora Julieta e L\u00edvia; elas entendem que T\u00e9o ainda n\u00e3o superou o t\u00e9rmino do namoro. Nando procura na internet como pedir desculpa para Romeu e entrega flores ao primo.<\/p>\n<p>(*) edi\u00e7\u00e3o das novelas do SBT, \u201cA Inf\u00e2ncia de Romeu e Julieta\u201d, sujeito a altera\u00e7\u00e3o de data e conte\u00fado.<\/p>\n<p>Sinopse \u201cA Inf\u00e2ncia de Romeu e Julieta\u201d: A Trama se passa no bairro chamado castanheiras, em que duas fam\u00edlias com propostas diferentes para esse bairro vivem em disc\u00f3rdia, sendo divididas entre os lados Torre (Campos) e Vila (Monteiro).[6] Entretanto, Romeu (Miguel \u00c2ngelo) e Julieta (Vitt\u00f3ria Seixas) se conhecem, da\u00ed em diante, as fam\u00edlias rivais t\u00eam uma nova oportunidade de trazer paz e uni\u00e3o entre o conv\u00edvio deles. <\/p>\n<p>Romeu e Julieta n\u00e3o sabem como v\u00e3o fazer para ficarem juntos. A not\u00edcia do romance chega \u00e0s fam\u00edlias, que n\u00e3o gostam nada da hist\u00f3ria e tratam de afasta-los imediatamente, aprontando v\u00e1rias situa\u00e7\u00f5es. Romeu e Julieta querem acabar com essa hostilidade e tentam ir atr\u00e1s de uma solu\u00e7\u00e3o, mas ao descobrirem mais sobre a hist\u00f3ria de seus pais, percebem que pode ser imposs\u00edvel.<\/p>\n","protected":false},"excerpt":{"rendered":"<p>Resumo da novela \u201cA Inf\u00e2ncia de Romeu e Julieta\u201d em 29\/08: no cap\u00edtulo 082(*) da novela, Fausto aceita Vitor e Bass\u00e2nio para contracenarem na pe\u00e7a da Festa da \u00c1rvore. Patrick leva o primo Diego para o restaurante e descobre que Julieta j\u00e1 conhecia o garoto. No Mundo da Imagina\u00e7\u00e3o, Dimitri, Ellen, Ian e Nath enfrentam [&hellip;]<\/p>\n","protected":false},"author":3,"featured_media":232241,"comment_status":"closed","ping_status":"closed","sticky":false,"template":"","format":"standard","meta":{"tdm_status":"","tdm_grid_status":"","footnotes":""},"categories":[2306,379,2025,372,343],"tags":[441],"class_list":{"0":"post-236502","1":"post","2":"type-post","3":"status-publish","4":"format-standard","5":"has-post-thumbnail","7":"category-novela-romeu-e-julieta","8":"category-novelas","9":"category-resumo","10":"category-sbt","11":"category-televisao","12":"tag-resumo-do-dia"},"_links":{"self":[{"href":"https:\/\/migracao.redenoticia.com.br\/noticia\/wp-json\/wp\/v2\/posts\/236502","targetHints":{"allow":["GET"]}}],"collection":[{"href":"https:\/\/migracao.redenoticia.com.br\/noticia\/wp-json\/wp\/v2\/posts"}],"about":[{"href":"https:\/\/migracao.redenoticia.com.br\/noticia\/wp-json\/wp\/v2\/types\/post"}],"author":[{"embeddable":true,"href":"https:\/\/migracao.redenoticia.com.br\/noticia\/wp-json\/wp\/v2\/users\/3"}],"replies":[{"embeddable":true,"href":"https:\/\/migracao.redenoticia.com.br\/noticia\/wp-json\/wp\/v2\/comments?post=236502"}],"version-history":[{"count":0,"href":"https:\/\/migracao.redenoticia.com.br\/noticia\/wp-json\/wp\/v2\/posts\/236502\/revisions"}],"wp:featuredmedia":[{"embeddable":true,"href":"https:\/\/migracao.redenoticia.com.br\/noticia\/wp-json\/wp\/v2\/media\/232241"}],"wp:attachment":[{"href":"https:\/\/migracao.redenoticia.com.br\/noticia\/wp-json\/wp\/v2\/media?parent=236502"}],"wp:term":[{"taxonomy":"category","embeddable":true,"href":"https:\/\/migracao.redenoticia.com.br\/noticia\/wp-json\/wp\/v2\/categories?post=236502"},{"taxonomy":"post_tag","embeddable":true,"href":"https:\/\/migracao.redenoticia.com.br\/noticia\/wp-json\/wp\/v2\/tags?post=236502"}],"curies":[{"name":"wp","href":"https:\/\/api.w.org\/{rel}","templated":true}]}}