{"id":236503,"date":"2023-08-28T14:05:57","date_gmt":"2023-08-28T17:05:57","guid":{"rendered":"https:\/\/www.redenoticia.com.br\/noticia\/?p=236503"},"modified":"2023-08-28T14:05:57","modified_gmt":"2023-08-28T17:05:57","slug":"resumo-um-refugio-para-o-amor-29-08-rodrigo-discute-com-luciana","status":"publish","type":"post","link":"https:\/\/migracao.redenoticia.com.br\/noticia\/2023\/resumo-um-refugio-para-o-amor-29-08-rodrigo-discute-com-luciana\/236503","title":{"rendered":"Resumo \u201cUm Ref\u00fagio para o Amor\u201d 29\/08: Rodrigo discute com Luciana"},"content":{"rendered":"<p> <img loading=\"lazy\" decoding=\"async\" src=\"https:\/\/migracao.redenoticia.com.br\/noticia\/imagens\/um-refugio-para-o-amor-novela-resumo-sbt.jpg.jpg\" alt=\"\" width=\"1280\" height=\"720\" class=\"aligncenter size-full wp-image-233922\" srcset=\"https:\/\/migracao.redenoticia.com.br\/noticia\/imagens\/um-refugio-para-o-amor-novela-resumo-sbt.jpg.jpg 1280w, https:\/\/migracao.redenoticia.com.br\/noticia\/imagens\/um-refugio-para-o-amor-novela-resumo-sbt.jpg-250x140.jpg 250w, https:\/\/migracao.redenoticia.com.br\/noticia\/imagens\/um-refugio-para-o-amor-novela-resumo-sbt.jpg-400x225.jpg 400w, https:\/\/migracao.redenoticia.com.br\/noticia\/imagens\/um-refugio-para-o-amor-novela-resumo-sbt.jpg-768x432.jpg 768w, https:\/\/migracao.redenoticia.com.br\/noticia\/imagens\/um-refugio-para-o-amor-novela-resumo-sbt.jpg-150x84.jpg 150w\" sizes=\"auto, (max-width: 1280px) 100vw, 1280px\" \/> <\/p>\n<p><strong><em>Resumo da novela \u201cUm Ref\u00fagio para o Amor\u201d<\/em><\/strong> em 29\/08: no cap\u00edtulo 047(*) da novela, Clara mostra a Aquiles as fotografias de Luciana no Inferno. Aldo pede a Constan\u00e7a dinheiro para ajudar Louren\u00e7o. \u00d3scar conta a Maximino as movimenta\u00e7\u00f5es de Cl\u00e1udio e que o que est\u00e1 a fazer n\u00e3o \u00e9 por dinheiro, mas sim para acabar com a imagem dele. Roselena pede a Luciana que v\u00e1 at\u00e9 \u00e0 mans\u00e3o e Clara telefona a Br\u00edgida para que esta arranje uma forma de prender Matilde para que esta n\u00e3o esteja presente quando elas chegarem. Clara, Julieta e Roselena mostram a revista com as fotografias de Luciana a Rodrigo e dizem-lhe que Aquiles procura por ela porque prometeu casar-se com ele. Rodrigo vai ter com Luciana, implorando-lhe que lhe diga que \u00e9 mentira. <\/p>\n<p>Roselena e Luciana discutem por causa das provas que ela tem sobre a situa\u00e7\u00e3o de Lastra. Julieta diz a Rodrigo que Louren\u00e7o roubou no Inferno. Violeta descobre que Marciel \u00e9 casado e tem uma grande discuss\u00e3o com a esposa dele. Rodrigo descobre toda a verdade e discute com Luciana, acusando-a de tudo. Ela tenta justificar-se, mas ele, al\u00e9m de n\u00e3o a querer ouvir, ainda defende Clara e diz-se arrependido de a ter largado no altar. Clara telefona a D. Aquiles e diz-lhe que conseguiu separar Rodrigo e Luciana para sempre. Rodrigo vai ter com Luciana a casa de Violeta.<\/p>\n<p>Maximino avisa Roselena que Patr\u00edcio vai ser operado e que ela se deve dirigir ao hospital. Rodrigo confronta Luciana com a verdade e ela assume tudo, menos a parte de ter roubado Landra. Louren\u00e7o conta a Luciana que roubou o dinheiro para ajudar Aldo, mas que ele j\u00e1 lhe pagou tudo. Aquiles vai ao Inferno e pergunta por Luciana a Violeta. Lastra faz amizade com Aquiles e d\u00e1-lhe a morada de Luciana. Rodrigo acusa Clara e Julieta de terem feito tudo para o separar de Luciana. Luciana conta a Paz que j\u00e1 n\u00e3o haver\u00e1 casamento.<\/p>\n<p>(*) edi\u00e7\u00e3o das novelas do SBT, \u201cUm Ref\u00fagio para o Amor\u201d, sujeito a altera\u00e7\u00e3o de data e conte\u00fado.<\/p>\n<p>Sinopse \u201cUm Ref\u00fagio para o Amor\u201d: Uma hist\u00f3ria de amor entre uma jovem linda, humilde, simples e trabalhadora que gera admira\u00e7\u00e3o entre os homens e inveja entre as mulheres, e que \u00e9 obrigada a fugir de sua cidade, para a capital, encontrando o amor em um homem rico, bonito, de classe, arrogante, amante de esportes radicais e com fama de conquistador, mas que \u00e9 generoso e atencioso. Eles ter\u00e3o que passar por muitas dificuldades para ficarem juntos.<\/p>\n<p>Estrelado por Zuria Vega e Gabriel Soto com um elenco de primeira classe, incluindo Jessica Coch, Roberto Bland\u00f3n, Laura Flores, Jos\u00e9 Carlos Ruiz, entre outros. Um ref\u00fagio para o amor \u00e9 uma novela mexicana produzida por Ignacio Sada Madero, originalmente por Delia Fiallo e adaptada por Georgina Tinoco.<\/p>\n","protected":false},"excerpt":{"rendered":"<p>Resumo da novela \u201cUm Ref\u00fagio para o Amor\u201d em 29\/08: no cap\u00edtulo 047(*) da novela, Clara mostra a Aquiles as fotografias de Luciana no Inferno. Aldo pede a Constan\u00e7a dinheiro para ajudar Louren\u00e7o. \u00d3scar conta a Maximino as movimenta\u00e7\u00f5es de Cl\u00e1udio e que o que est\u00e1 a fazer n\u00e3o \u00e9 por dinheiro, mas sim para [&hellip;]<\/p>\n","protected":false},"author":2,"featured_media":233921,"comment_status":"closed","ping_status":"closed","sticky":false,"template":"","format":"standard","meta":{"tdm_status":"","tdm_grid_status":"","footnotes":""},"categories":[379,2025,372,343,2310],"tags":[441],"class_list":{"0":"post-236503","1":"post","2":"type-post","3":"status-publish","4":"format-standard","5":"has-post-thumbnail","7":"category-novelas","8":"category-resumo","9":"category-sbt","10":"category-televisao","11":"category-um-refugio-para-o-amor","12":"tag-resumo-do-dia"},"_links":{"self":[{"href":"https:\/\/migracao.redenoticia.com.br\/noticia\/wp-json\/wp\/v2\/posts\/236503","targetHints":{"allow":["GET"]}}],"collection":[{"href":"https:\/\/migracao.redenoticia.com.br\/noticia\/wp-json\/wp\/v2\/posts"}],"about":[{"href":"https:\/\/migracao.redenoticia.com.br\/noticia\/wp-json\/wp\/v2\/types\/post"}],"author":[{"embeddable":true,"href":"https:\/\/migracao.redenoticia.com.br\/noticia\/wp-json\/wp\/v2\/users\/2"}],"replies":[{"embeddable":true,"href":"https:\/\/migracao.redenoticia.com.br\/noticia\/wp-json\/wp\/v2\/comments?post=236503"}],"version-history":[{"count":0,"href":"https:\/\/migracao.redenoticia.com.br\/noticia\/wp-json\/wp\/v2\/posts\/236503\/revisions"}],"wp:featuredmedia":[{"embeddable":true,"href":"https:\/\/migracao.redenoticia.com.br\/noticia\/wp-json\/wp\/v2\/media\/233921"}],"wp:attachment":[{"href":"https:\/\/migracao.redenoticia.com.br\/noticia\/wp-json\/wp\/v2\/media?parent=236503"}],"wp:term":[{"taxonomy":"category","embeddable":true,"href":"https:\/\/migracao.redenoticia.com.br\/noticia\/wp-json\/wp\/v2\/categories?post=236503"},{"taxonomy":"post_tag","embeddable":true,"href":"https:\/\/migracao.redenoticia.com.br\/noticia\/wp-json\/wp\/v2\/tags?post=236503"}],"curies":[{"name":"wp","href":"https:\/\/api.w.org\/{rel}","templated":true}]}}