{"id":236583,"date":"2023-08-30T19:27:30","date_gmt":"2023-08-30T22:27:30","guid":{"rendered":"https:\/\/www.redenoticia.com.br\/noticia\/?p=236583"},"modified":"2023-08-30T19:27:30","modified_gmt":"2023-08-30T22:27:30","slug":"resumo-a-infancia-de-romeu-e-julieta-31-08-julieta-e-daniel-fazem-apresentacao-de-skate","status":"publish","type":"post","link":"https:\/\/migracao.redenoticia.com.br\/noticia\/2023\/resumo-a-infancia-de-romeu-e-julieta-31-08-julieta-e-daniel-fazem-apresentacao-de-skate\/236583","title":{"rendered":"Resumo \u201cA Inf\u00e2ncia de Romeu e Julieta\u201d 31\/08: Julieta e Daniel fazem apresenta\u00e7\u00e3o de skate"},"content":{"rendered":"<p> <img loading=\"lazy\" decoding=\"async\" src=\"https:\/\/migracao.redenoticia.com.br\/noticia\/imagens\/novela-romeu-e-julieta-sbt-elenco-resumo.jpg\" alt=\"\" width=\"1280\" height=\"720\" class=\"aligncenter size-full wp-image-232242\" srcset=\"https:\/\/migracao.redenoticia.com.br\/noticia\/imagens\/novela-romeu-e-julieta-sbt-elenco-resumo.jpg 1280w, https:\/\/migracao.redenoticia.com.br\/noticia\/imagens\/novela-romeu-e-julieta-sbt-elenco-resumo-250x140.jpg 250w, https:\/\/migracao.redenoticia.com.br\/noticia\/imagens\/novela-romeu-e-julieta-sbt-elenco-resumo-400x225.jpg 400w, https:\/\/migracao.redenoticia.com.br\/noticia\/imagens\/novela-romeu-e-julieta-sbt-elenco-resumo-768x432.jpg 768w, https:\/\/migracao.redenoticia.com.br\/noticia\/imagens\/novela-romeu-e-julieta-sbt-elenco-resumo-150x84.jpg 150w\" sizes=\"auto, (max-width: 1280px) 100vw, 1280px\" \/><\/p>\n<p><strong><em>Resumo da novela \u201cA Inf\u00e2ncia de Romeu e Julieta\u201d<\/em><\/strong> em 31\/08: no cap\u00edtulo 084(*) da novela, na Festa da \u00c1rvore, Nath ajuda Amanda com as vendas dos produtos do Armaz\u00e9m e Glaucia pede para Dimitri fazer o mesmo com as mercadorias do Monter Mercado. Vitor e Bass\u00e2nio iniciam a pe\u00e7a e a apresenta\u00e7\u00e3o come\u00e7a a desagradar o p\u00fablico; a dupla foge do texto, improvisa e ganham elogios da multid\u00e3o. Chega a hora do Show de Talentos, Romeu e Alex fazem coreografia com bola de basquete; Leandro chega para ver a apresenta\u00e7\u00e3o do neto. H\u00e9lio estranha a presen\u00e7a de Leandro no evento depois de anos sem frequentar a festa. Julieta e Daniel fazem uma apresenta\u00e7\u00e3o de skate no palco com manobras que Diego ensinou. <\/p>\n<p>Karen exibe um curta com contrastes do bairro; no v\u00eddeo, ela grava Fausto limpando o ouvido com o dedo. Patrick conta piadas que desagradam o p\u00fablico e Diego ajuda o primo. Patrick se sente mal, porque Diego consegue ir bem em tudo e ser o centro de aten\u00e7\u00e3o. Patrick manda Diego parar de se intrometer na vida dele. Bass\u00e2nio toca gaita no show. T\u00e9o fica nervoso e se esconde da apresenta\u00e7\u00e3o, mas os pais o convencem em participar; ele bate seu recorde de 100 embaixadinhas. Nando faz o n\u00famero de m\u00e1gica com Rosalina e Leandro se surpreende com a habilidade do neto. L\u00edvia mostra seu talento com a moda e Alex fica encantado. Um imprevisto com o vestido de L\u00edvia acontece na frente de todos.<\/p>\n<p>(*) edi\u00e7\u00e3o das novelas do SBT, \u201cA Inf\u00e2ncia de Romeu e Julieta\u201d, sujeito a altera\u00e7\u00e3o de data e conte\u00fado.<\/p>\n<p>Sinopse \u201cA Inf\u00e2ncia de Romeu e Julieta\u201d: A Trama se passa no bairro chamado castanheiras, em que duas fam\u00edlias com propostas diferentes para esse bairro vivem em disc\u00f3rdia, sendo divididas entre os lados Torre (Campos) e Vila (Monteiro).[6] Entretanto, Romeu (Miguel \u00c2ngelo) e Julieta (Vitt\u00f3ria Seixas) se conhecem, da\u00ed em diante, as fam\u00edlias rivais t\u00eam uma nova oportunidade de trazer paz e uni\u00e3o entre o conv\u00edvio deles. <\/p>\n<p>Romeu e Julieta n\u00e3o sabem como v\u00e3o fazer para ficarem juntos. A not\u00edcia do romance chega \u00e0s fam\u00edlias, que n\u00e3o gostam nada da hist\u00f3ria e tratam de afasta-los imediatamente, aprontando v\u00e1rias situa\u00e7\u00f5es. Romeu e Julieta querem acabar com essa hostilidade e tentam ir atr\u00e1s de uma solu\u00e7\u00e3o, mas ao descobrirem mais sobre a hist\u00f3ria de seus pais, percebem que pode ser imposs\u00edvel.<\/p>\n","protected":false},"excerpt":{"rendered":"<p>Resumo da novela \u201cA Inf\u00e2ncia de Romeu e Julieta\u201d em 31\/08: no cap\u00edtulo 084(*) da novela, na Festa da \u00c1rvore, Nath ajuda Amanda com as vendas dos produtos do Armaz\u00e9m e Glaucia pede para Dimitri fazer o mesmo com as mercadorias do Monter Mercado. Vitor e Bass\u00e2nio iniciam a pe\u00e7a e a apresenta\u00e7\u00e3o come\u00e7a a [&hellip;]<\/p>\n","protected":false},"author":3,"featured_media":232241,"comment_status":"closed","ping_status":"closed","sticky":false,"template":"","format":"standard","meta":{"tdm_status":"","tdm_grid_status":"","footnotes":""},"categories":[2306,379,2025,372,343],"tags":[441],"class_list":{"0":"post-236583","1":"post","2":"type-post","3":"status-publish","4":"format-standard","5":"has-post-thumbnail","7":"category-novela-romeu-e-julieta","8":"category-novelas","9":"category-resumo","10":"category-sbt","11":"category-televisao","12":"tag-resumo-do-dia"},"_links":{"self":[{"href":"https:\/\/migracao.redenoticia.com.br\/noticia\/wp-json\/wp\/v2\/posts\/236583","targetHints":{"allow":["GET"]}}],"collection":[{"href":"https:\/\/migracao.redenoticia.com.br\/noticia\/wp-json\/wp\/v2\/posts"}],"about":[{"href":"https:\/\/migracao.redenoticia.com.br\/noticia\/wp-json\/wp\/v2\/types\/post"}],"author":[{"embeddable":true,"href":"https:\/\/migracao.redenoticia.com.br\/noticia\/wp-json\/wp\/v2\/users\/3"}],"replies":[{"embeddable":true,"href":"https:\/\/migracao.redenoticia.com.br\/noticia\/wp-json\/wp\/v2\/comments?post=236583"}],"version-history":[{"count":0,"href":"https:\/\/migracao.redenoticia.com.br\/noticia\/wp-json\/wp\/v2\/posts\/236583\/revisions"}],"wp:featuredmedia":[{"embeddable":true,"href":"https:\/\/migracao.redenoticia.com.br\/noticia\/wp-json\/wp\/v2\/media\/232241"}],"wp:attachment":[{"href":"https:\/\/migracao.redenoticia.com.br\/noticia\/wp-json\/wp\/v2\/media?parent=236583"}],"wp:term":[{"taxonomy":"category","embeddable":true,"href":"https:\/\/migracao.redenoticia.com.br\/noticia\/wp-json\/wp\/v2\/categories?post=236583"},{"taxonomy":"post_tag","embeddable":true,"href":"https:\/\/migracao.redenoticia.com.br\/noticia\/wp-json\/wp\/v2\/tags?post=236583"}],"curies":[{"name":"wp","href":"https:\/\/api.w.org\/{rel}","templated":true}]}}