{"id":236584,"date":"2023-08-30T19:21:07","date_gmt":"2023-08-30T22:21:07","guid":{"rendered":"https:\/\/www.redenoticia.com.br\/noticia\/?p=236584"},"modified":"2023-08-30T19:21:07","modified_gmt":"2023-08-30T22:21:07","slug":"resumo-um-refugio-para-o-amor-31-08-jana-e-melissa-reprovam-a-atitude-de-rodrigo","status":"publish","type":"post","link":"https:\/\/migracao.redenoticia.com.br\/noticia\/2023\/resumo-um-refugio-para-o-amor-31-08-jana-e-melissa-reprovam-a-atitude-de-rodrigo\/236584","title":{"rendered":"Resumo \u201cUm Ref\u00fagio para o Amor\u201d 31\/08: Jana e Melissa reprovam a atitude de Rodrigo"},"content":{"rendered":"<p> <img loading=\"lazy\" decoding=\"async\" src=\"https:\/\/migracao.redenoticia.com.br\/noticia\/imagens\/um-refugio-para-o-amor-novela-resumo-sbt.jpg.jpg\" alt=\"\" width=\"1280\" height=\"720\" class=\"aligncenter size-full wp-image-233922\" srcset=\"https:\/\/migracao.redenoticia.com.br\/noticia\/imagens\/um-refugio-para-o-amor-novela-resumo-sbt.jpg.jpg 1280w, https:\/\/migracao.redenoticia.com.br\/noticia\/imagens\/um-refugio-para-o-amor-novela-resumo-sbt.jpg-250x140.jpg 250w, https:\/\/migracao.redenoticia.com.br\/noticia\/imagens\/um-refugio-para-o-amor-novela-resumo-sbt.jpg-400x225.jpg 400w, https:\/\/migracao.redenoticia.com.br\/noticia\/imagens\/um-refugio-para-o-amor-novela-resumo-sbt.jpg-768x432.jpg 768w, https:\/\/migracao.redenoticia.com.br\/noticia\/imagens\/um-refugio-para-o-amor-novela-resumo-sbt.jpg-150x84.jpg 150w\" sizes=\"auto, (max-width: 1280px) 100vw, 1280px\" \/> <\/p>\n<p><strong><em>Resumo da novela \u201cUm Ref\u00fagio para o Amor\u201d<\/em><\/strong> em 31\/08: no cap\u00edtulo 049(*) da novela, Maximino avisa Roselena que Patr\u00edcio vai ser operado e que ela se deve dirigir ao hospital. Rodrigo confronta Luciana com a verdade e ela assume tudo, menos a parte de ter roubado Landra. Louren\u00e7o conta a Luciana que roubou o dinheiro para ajudar Aldo, mas que ele j\u00e1 lhe pagou tudo. Aquiles vai ao Inferno e pergunta por Luciana a Violeta. Lastra faz amizade com Aquiles e d\u00e1-lhe a morada de Luciana. Rodrigo acusa Clara e Julieta de terem feito tudo para o separar de Luciana. Luciana conta a Paz que j\u00e1 n\u00e3o haver\u00e1 casamento.    <\/p>\n<p>Luciana diz \u00e0 m\u00e3e que o casamento ser\u00e1 adiado at\u00e9 a opera\u00e7\u00e3o de Patr\u00edcio estar conclu\u00edda. Luciana conta a Jana e Melissa porque \u00e9 que Rodrigo se chateou com ela e as duas reprovam a atitude de Rodrigo ao confiar em Clara e Julieta. Rodrigo pede a Luciana que n\u00e3o conte a Patr\u00edcio o que se passou entre eles. Patr\u00edcio diz a Rodrigo que tem muita sorte em ter a seu lado uma mulher como Luciana.<\/p>\n<p>Lastra tenta convencer Aquiles a ganharem dinheiro por chantagear Clara pelo seu sil\u00eancio, mas ele recusa-se terminantemente. Aldo explica a Rodrigo para que era o dinheiro que Louren\u00e7o roubou. Julieta e Clara tentam convencer Constan\u00e7a de que n\u00e3o t\u00eam nada a ver com o fim da rela\u00e7\u00e3o entre Rodrigo e Luciana. Rodrigo recebe em casa uma caixa direccionada para Luciana, abre e encontra o seu vestido de noiva. Luciana vai ao advogado para tratar dos pap\u00e9is do div\u00f3rcio.<\/p>\n<p>(*) edi\u00e7\u00e3o das novelas do SBT, \u201cUm Ref\u00fagio para o Amor\u201d, sujeito a altera\u00e7\u00e3o de data e conte\u00fado.<\/p>\n<p>Sinopse \u201cUm Ref\u00fagio para o Amor\u201d: Uma hist\u00f3ria de amor entre uma jovem linda, humilde, simples e trabalhadora que gera admira\u00e7\u00e3o entre os homens e inveja entre as mulheres, e que \u00e9 obrigada a fugir de sua cidade, para a capital, encontrando o amor em um homem rico, bonito, de classe, arrogante, amante de esportes radicais e com fama de conquistador, mas que \u00e9 generoso e atencioso. Eles ter\u00e3o que passar por muitas dificuldades para ficarem juntos.<\/p>\n<p>Estrelado por Zuria Vega e Gabriel Soto com um elenco de primeira classe, incluindo Jessica Coch, Roberto Bland\u00f3n, Laura Flores, Jos\u00e9 Carlos Ruiz, entre outros. Um ref\u00fagio para o amor \u00e9 uma novela mexicana produzida por Ignacio Sada Madero, originalmente por Delia Fiallo e adaptada por Georgina Tinoco.<\/p>\n","protected":false},"excerpt":{"rendered":"<p>Resumo da novela \u201cUm Ref\u00fagio para o Amor\u201d em 31\/08: no cap\u00edtulo 049(*) da novela, Maximino avisa Roselena que Patr\u00edcio vai ser operado e que ela se deve dirigir ao hospital. Rodrigo confronta Luciana com a verdade e ela assume tudo, menos a parte de ter roubado Landra. Louren\u00e7o conta a Luciana que roubou o [&hellip;]<\/p>\n","protected":false},"author":2,"featured_media":233921,"comment_status":"closed","ping_status":"closed","sticky":false,"template":"","format":"standard","meta":{"tdm_status":"","tdm_grid_status":"","footnotes":""},"categories":[379,2025,372,343,2310],"tags":[441],"class_list":{"0":"post-236584","1":"post","2":"type-post","3":"status-publish","4":"format-standard","5":"has-post-thumbnail","7":"category-novelas","8":"category-resumo","9":"category-sbt","10":"category-televisao","11":"category-um-refugio-para-o-amor","12":"tag-resumo-do-dia"},"_links":{"self":[{"href":"https:\/\/migracao.redenoticia.com.br\/noticia\/wp-json\/wp\/v2\/posts\/236584","targetHints":{"allow":["GET"]}}],"collection":[{"href":"https:\/\/migracao.redenoticia.com.br\/noticia\/wp-json\/wp\/v2\/posts"}],"about":[{"href":"https:\/\/migracao.redenoticia.com.br\/noticia\/wp-json\/wp\/v2\/types\/post"}],"author":[{"embeddable":true,"href":"https:\/\/migracao.redenoticia.com.br\/noticia\/wp-json\/wp\/v2\/users\/2"}],"replies":[{"embeddable":true,"href":"https:\/\/migracao.redenoticia.com.br\/noticia\/wp-json\/wp\/v2\/comments?post=236584"}],"version-history":[{"count":0,"href":"https:\/\/migracao.redenoticia.com.br\/noticia\/wp-json\/wp\/v2\/posts\/236584\/revisions"}],"wp:featuredmedia":[{"embeddable":true,"href":"https:\/\/migracao.redenoticia.com.br\/noticia\/wp-json\/wp\/v2\/media\/233921"}],"wp:attachment":[{"href":"https:\/\/migracao.redenoticia.com.br\/noticia\/wp-json\/wp\/v2\/media?parent=236584"}],"wp:term":[{"taxonomy":"category","embeddable":true,"href":"https:\/\/migracao.redenoticia.com.br\/noticia\/wp-json\/wp\/v2\/categories?post=236584"},{"taxonomy":"post_tag","embeddable":true,"href":"https:\/\/migracao.redenoticia.com.br\/noticia\/wp-json\/wp\/v2\/tags?post=236584"}],"curies":[{"name":"wp","href":"https:\/\/api.w.org\/{rel}","templated":true}]}}