{"id":236585,"date":"2023-08-30T19:17:15","date_gmt":"2023-08-30T22:17:15","guid":{"rendered":"https:\/\/www.redenoticia.com.br\/noticia\/?p=236585"},"modified":"2023-08-30T19:17:15","modified_gmt":"2023-08-30T22:17:15","slug":"resumo-meu-pecado-31-08-rosario-marca-um-encontro-com-carmelo","status":"publish","type":"post","link":"https:\/\/migracao.redenoticia.com.br\/noticia\/2023\/resumo-meu-pecado-31-08-rosario-marca-um-encontro-com-carmelo\/236585","title":{"rendered":"Resumo \u201cMeu Pecado\u201d 31\/08: Ros\u00e1rio marca um encontro com Carmelo"},"content":{"rendered":"<p> <img loading=\"lazy\" decoding=\"async\" class=\"aligncenter size-full wp-image-235437\" src=\"https:\/\/migracao.redenoticia.com.br\/noticia\/imagens\/novela-meu-pecado-resumo-capitulos-elenco-personagens-logo-redenoticia-sbt.jpg\" alt=\"\" width=\"1280\" height=\"720\" srcset=\"https:\/\/migracao.redenoticia.com.br\/noticia\/imagens\/novela-meu-pecado-resumo-capitulos-elenco-personagens-logo-redenoticia-sbt.jpg 1280w, https:\/\/migracao.redenoticia.com.br\/noticia\/imagens\/novela-meu-pecado-resumo-capitulos-elenco-personagens-logo-redenoticia-sbt-250x140.jpg 250w, https:\/\/migracao.redenoticia.com.br\/noticia\/imagens\/novela-meu-pecado-resumo-capitulos-elenco-personagens-logo-redenoticia-sbt-400x225.jpg 400w, https:\/\/migracao.redenoticia.com.br\/noticia\/imagens\/novela-meu-pecado-resumo-capitulos-elenco-personagens-logo-redenoticia-sbt-768x432.jpg 768w, https:\/\/migracao.redenoticia.com.br\/noticia\/imagens\/novela-meu-pecado-resumo-capitulos-elenco-personagens-logo-redenoticia-sbt-150x84.jpg 150w\" sizes=\"auto, (max-width: 1280px) 100vw, 1280px\" \/><\/p>\n<p><strong><em>Resumo da novela \u201cMeu Pecado\u201d<\/em><\/strong> em 31\/08: no cap\u00edtulo 024(*) da novela, Padre Matias tenta conversar com Lucr\u00e9cia, mas \u00e9 impedido por Ros\u00e1rio. Juliano \u00e9 levado preso sob suspeita de ter provocado acidente. Antes de ser levado ele pede a Tereza que n\u00e3o conte nada para seu pai. Rodolfo surpreende Ramiro tentando fazer algo para ajudar Josu\u00e9 e pede explica\u00e7\u00f5es. Ao descobrir que Josu\u00e9 tamb\u00e9m est\u00e1 apaixonado por Lucr\u00e9cia, vai procur\u00e1-la e deixa claro que deve se afastar de seus dois filhos. Ao recobrar a consci\u00eancia, Josu\u00e9 diz que n\u00e3o est\u00e1 sentindo a perna. O m\u00e9dico diz que o enxerto n\u00e3o deu resultado e, para tentar salvar sua perna, ter\u00e1 que oper\u00e1-lo novamente.<\/p>\n<p> Josu\u00e9 \u00e9 levado para o centro cir\u00fargico. Manuel vai ver Juliano na delegacia e os dois suspeitam que Carmelo o acusou de ter causado o acidente. Ros\u00e1rio diz a Delfina que far\u00e1 de tudo para manter Lucr\u00e9cia longe de Juliano. A enfermeira informa a Rodolfo que seu filho vai precisar de uma transfus\u00e3o. Preocupado, ele comenta com o padre que ser\u00e1 dif\u00edcil conseguir, pois Josu\u00e9 tem sangue \u00d3 negativo. Manuel conta para Matias que Juliano est\u00e1 preso e o padre pede a ele que v\u00e1 at\u00e9 a fazenda \u201cMilagre\u201d para ver se algu\u00e9m pode doar sangue para Josu\u00e9. Tereza pede ao pai que fa\u00e7a algo para ajudar Juliano, mas Ramiro se nega. <\/p>\n<p>Lucr\u00e9cia procura Carmelo e pergunta por que acusou Juliano. Ele diz que est\u00e1 louco por ela e tenta beij\u00e1-la. for\u00e7a. Lucr\u00e9cia lhe d\u00e1 uma bofetada e Ros\u00e1rio os observa de longe. Matias fala com Rodolfo sobre a pris\u00e3o de Juliano e ele vai at\u00e9 l\u00e1 para tentar liberta-lo. O delegado afirma que isso s\u00f3 ser\u00e1 poss\u00edvel com uma declara\u00e7\u00e3o de Josu\u00e9 afirmando que o irm\u00e3o n\u00e3o foi o respons\u00e1vel pelo acidente. Ros\u00e1rio marca um encontro com Carmelo no cemit\u00e9rio e afirma que se ele est\u00e1 interessado em Lucr\u00e9cia far\u00e1 de tudo para que se case com ela o mais r\u00e1pido poss\u00edvel. <\/p>\n<p>(*) edi\u00e7\u00e3o das novelas do SBT, \u201cMeu Pecado\u201d, sujeito a altera\u00e7\u00e3o de data e conte\u00fado.<\/p>\n<p>Sinopse \u201cMeu Pecado\u201d: Com o passar dos anos, Lucr\u00e9cia (Maite Perroni) e Juliano (Eugenio Siller) se reencontram e seu amor renasce. Lucr\u00e9cia n\u00e3o volta sozinha, vem acompanhada de sua prima Renata (Jessica Coch), que assassinou a diretora do internato em que ela e Lucr\u00e9cia estudavam. Paulino sofre uma crise econ\u00f4mica e Ramiro exige casar com sua filha Lucr\u00e9cia. Mas Carmelo se imp\u00f5e contra o casamento, e o assassina a tiros.<\/p>\n<p>Juliano \u00e9 acusado injustamente por este crime e com isso Lucr\u00e9cia se v\u00ea obrigada a casar-se com Carmelo para evitar a ru\u00edna de seu pai e que Juliano fosse acusado injustamente. Juliano vai embora do povoado, convencido de que Lucr\u00e9cia o traiu. Um tempo depois, Carmelo fica sabendo que Juliano voltou e se inicia a guerra entre os dois pelo amor de Lucr\u00e9cia. No final, Lucr\u00e9cia descobre o porque da rejei\u00e7\u00e3o misteriosa da sua m\u00e3e.<\/p>\n","protected":false},"excerpt":{"rendered":"<p>Resumo da novela \u201cMeu Pecado\u201d em 31\/08: no cap\u00edtulo 024(*) da novela, Padre Matias tenta conversar com Lucr\u00e9cia, mas \u00e9 impedido por Ros\u00e1rio. Juliano \u00e9 levado preso sob suspeita de ter provocado acidente. Antes de ser levado ele pede a Tereza que n\u00e3o conte nada para seu pai. Rodolfo surpreende Ramiro tentando fazer algo para [&hellip;]<\/p>\n","protected":false},"author":5,"featured_media":235438,"comment_status":"closed","ping_status":"closed","sticky":false,"template":"","format":"standard","meta":{"tdm_status":"","tdm_grid_status":"","footnotes":""},"categories":[2313,379,2025,372,343],"tags":[441],"class_list":{"0":"post-236585","1":"post","2":"type-post","3":"status-publish","4":"format-standard","5":"has-post-thumbnail","7":"category-meu-pecado","8":"category-novelas","9":"category-resumo","10":"category-sbt","11":"category-televisao","12":"tag-resumo-do-dia"},"_links":{"self":[{"href":"https:\/\/migracao.redenoticia.com.br\/noticia\/wp-json\/wp\/v2\/posts\/236585","targetHints":{"allow":["GET"]}}],"collection":[{"href":"https:\/\/migracao.redenoticia.com.br\/noticia\/wp-json\/wp\/v2\/posts"}],"about":[{"href":"https:\/\/migracao.redenoticia.com.br\/noticia\/wp-json\/wp\/v2\/types\/post"}],"author":[{"embeddable":true,"href":"https:\/\/migracao.redenoticia.com.br\/noticia\/wp-json\/wp\/v2\/users\/5"}],"replies":[{"embeddable":true,"href":"https:\/\/migracao.redenoticia.com.br\/noticia\/wp-json\/wp\/v2\/comments?post=236585"}],"version-history":[{"count":0,"href":"https:\/\/migracao.redenoticia.com.br\/noticia\/wp-json\/wp\/v2\/posts\/236585\/revisions"}],"wp:featuredmedia":[{"embeddable":true,"href":"https:\/\/migracao.redenoticia.com.br\/noticia\/wp-json\/wp\/v2\/media\/235438"}],"wp:attachment":[{"href":"https:\/\/migracao.redenoticia.com.br\/noticia\/wp-json\/wp\/v2\/media?parent=236585"}],"wp:term":[{"taxonomy":"category","embeddable":true,"href":"https:\/\/migracao.redenoticia.com.br\/noticia\/wp-json\/wp\/v2\/categories?post=236585"},{"taxonomy":"post_tag","embeddable":true,"href":"https:\/\/migracao.redenoticia.com.br\/noticia\/wp-json\/wp\/v2\/tags?post=236585"}],"curies":[{"name":"wp","href":"https:\/\/api.w.org\/{rel}","templated":true}]}}