{"id":236590,"date":"2023-08-30T19:48:28","date_gmt":"2023-08-30T22:48:28","guid":{"rendered":"https:\/\/www.redenoticia.com.br\/noticia\/?p=236590"},"modified":"2023-08-30T19:48:28","modified_gmt":"2023-08-30T22:48:28","slug":"resumo-sera-isso-amor-31-08-serkan-pede-a-engin-que-investigue-efe","status":"publish","type":"post","link":"https:\/\/migracao.redenoticia.com.br\/noticia\/2023\/resumo-sera-isso-amor-31-08-serkan-pede-a-engin-que-investigue-efe\/236590","title":{"rendered":"Resumo \u201cSer\u00e1 Isso Amor?\u201d 31\/08: Serkan pede a Engin que investigue Efe"},"content":{"rendered":"<p> <img loading=\"lazy\" decoding=\"async\" class=\"aligncenter size-full wp-image-235988\" src=\"https:\/\/migracao.redenoticia.com.br\/noticia\/imagens\/novela-sera-isso-amor-tnt-resumo-elenco.jpg\" alt=\"\" width=\"1280\" height=\"720\" srcset=\"https:\/\/migracao.redenoticia.com.br\/noticia\/imagens\/novela-sera-isso-amor-tnt-resumo-elenco.jpg 1280w, https:\/\/migracao.redenoticia.com.br\/noticia\/imagens\/novela-sera-isso-amor-tnt-resumo-elenco-250x140.jpg 250w, https:\/\/migracao.redenoticia.com.br\/noticia\/imagens\/novela-sera-isso-amor-tnt-resumo-elenco-400x225.jpg 400w, https:\/\/migracao.redenoticia.com.br\/noticia\/imagens\/novela-sera-isso-amor-tnt-resumo-elenco-768x432.jpg 768w, https:\/\/migracao.redenoticia.com.br\/noticia\/imagens\/novela-sera-isso-amor-tnt-resumo-elenco-150x84.jpg 150w\" sizes=\"auto, (max-width: 1280px) 100vw, 1280px\" \/><\/p>\n<p><strong><em>Resumo da novela \u201cSer\u00e1 Isso Amor?\u201d<\/em><\/strong> em 31\/08: no cap\u00edtulo 049(*) da novela, Serkan explica por que n\u00e3o confia em Efe. Por outro lado, Efe est\u00e1 cansado da tens\u00e3o na empresa e tem uma ideia para resolver esse problema. Alptekin encontra uma desculpa para ver seu filho. &#8230; <em>Em detalhes,<\/em> Serkan realiza uma reuni\u00e3o com seus amigos da empresa. Ele diz que n\u00e3o confia em Efe e pede a Engin que investigue o homem. Ele pede a Selin para comprar as a\u00e7\u00f5es de Ferit. &#8230; Como h\u00e1 defici\u00eancias no acordo de parceria de Ceren, eles votam se devem contrat\u00e1-la. Quando os votos s\u00e3o iguais, eles decidem dar tempo a Ceren para formar uma equipe e se apresentar. Ferit conta a Ceren o que est\u00e1 acontecendo e faz sugest\u00f5es. Ele pede ao pai que d\u00ea uma equipe para ajud\u00e1-la. O homem concorda imediatamente. Ceren faz uma bela apresenta\u00e7\u00e3o.<\/p>\n<p>Efe quer transferir a holding para outro local. Serkan protesta. Serkan decide mudar a propriedade para o andar superior. Eda se pergunta se Serkan escolher\u00e1 o l\u00f3gico, Selin.  &#8230; Alptekin liga para Engin e oferece para jogar um jogo de console, para se reunirem com Serkan. Engin tamb\u00e9m tenta arranjar Ferit, Serkan e Efe. Por\u00e9m, esse dia \u00e9 o anivers\u00e1rio de Piril e sua namorada acha que ele far\u00e1 um evento surpresa para ela.<\/p>\n<p>(*) edi\u00e7\u00e3o das novelas da TNT\/HBO, \u201cSer\u00e1 Isso Amor?\u201d, sujeito a altera\u00e7\u00e3o de data e conte\u00fado.<\/p>\n<p>Sinopse &#8220;Ser\u00e1 Isso Amor?&#8221;: (Primeira Temporada) Eda n\u00e3o consegue concluir sua gradua\u00e7\u00e3o na faculdade de arquitetura paisag\u00edstica por causa de Serkan Bolat. Serkan tem uma ex-namorada, Selin, que ficou noiva recentemente ap\u00f3s o rompimento. Para recuper\u00e1-la, Serkan oferece a Eda um contrato segundo o qual ela deve fingir ser sua noiva por dois meses. Ela aceita a oferta e n\u00e3o demora para surgir algo entre eles. <\/p>\n<p>(Segunda Temporada) Serkan e Eda passam por momentos dif\u00edceis durante o tratamento de c\u00e2ncer dele, que fica obcecado com sua doen\u00e7a e que vira um homem completamente diferente ap\u00f3s sobreviver. Serkan volta a se concentrar apenas em seu trabalho, que aos poucos o afasta de Eda. Mais tarde, ela vai para a It\u00e1lia para concluir seus estudos, enquanto Serkan continua com sua vida. Mas quando eles finalmente se reencontram ap\u00f3s 5 longos anos, a vida tem uma surpresa para ambos.<\/p>\n","protected":false},"excerpt":{"rendered":"<p>Resumo da novela \u201cSer\u00e1 Isso Amor?\u201d em 31\/08: no cap\u00edtulo 049(*) da novela, Serkan explica por que n\u00e3o confia em Efe. Por outro lado, Efe est\u00e1 cansado da tens\u00e3o na empresa e tem uma ideia para resolver esse problema. Alptekin encontra uma desculpa para ver seu filho. &#8230; Em detalhes, Serkan realiza uma reuni\u00e3o com [&hellip;]<\/p>\n","protected":false},"author":4,"featured_media":235990,"comment_status":"closed","ping_status":"closed","sticky":false,"template":"","format":"standard","meta":{"tdm_status":"","tdm_grid_status":"","footnotes":""},"categories":[379,2025,2316,343,2315],"tags":[441],"class_list":{"0":"post-236590","1":"post","2":"type-post","3":"status-publish","4":"format-standard","5":"has-post-thumbnail","7":"category-novelas","8":"category-resumo","9":"category-sera-isso-amor","10":"category-televisao","11":"category-tnt","12":"tag-resumo-do-dia"},"_links":{"self":[{"href":"https:\/\/migracao.redenoticia.com.br\/noticia\/wp-json\/wp\/v2\/posts\/236590","targetHints":{"allow":["GET"]}}],"collection":[{"href":"https:\/\/migracao.redenoticia.com.br\/noticia\/wp-json\/wp\/v2\/posts"}],"about":[{"href":"https:\/\/migracao.redenoticia.com.br\/noticia\/wp-json\/wp\/v2\/types\/post"}],"author":[{"embeddable":true,"href":"https:\/\/migracao.redenoticia.com.br\/noticia\/wp-json\/wp\/v2\/users\/4"}],"replies":[{"embeddable":true,"href":"https:\/\/migracao.redenoticia.com.br\/noticia\/wp-json\/wp\/v2\/comments?post=236590"}],"version-history":[{"count":0,"href":"https:\/\/migracao.redenoticia.com.br\/noticia\/wp-json\/wp\/v2\/posts\/236590\/revisions"}],"wp:featuredmedia":[{"embeddable":true,"href":"https:\/\/migracao.redenoticia.com.br\/noticia\/wp-json\/wp\/v2\/media\/235990"}],"wp:attachment":[{"href":"https:\/\/migracao.redenoticia.com.br\/noticia\/wp-json\/wp\/v2\/media?parent=236590"}],"wp:term":[{"taxonomy":"category","embeddable":true,"href":"https:\/\/migracao.redenoticia.com.br\/noticia\/wp-json\/wp\/v2\/categories?post=236590"},{"taxonomy":"post_tag","embeddable":true,"href":"https:\/\/migracao.redenoticia.com.br\/noticia\/wp-json\/wp\/v2\/tags?post=236590"}],"curies":[{"name":"wp","href":"https:\/\/api.w.org\/{rel}","templated":true}]}}