{"id":236591,"date":"2023-08-30T19:54:28","date_gmt":"2023-08-30T22:54:28","guid":{"rendered":"https:\/\/www.redenoticia.com.br\/noticia\/?p=236591"},"modified":"2023-09-18T21:02:43","modified_gmt":"2023-09-19T00:02:43","slug":"resumo-iludida-31-08-selcuk-descobre-que-sua-mae-esta-doente","status":"publish","type":"post","link":"https:\/\/migracao.redenoticia.com.br\/noticia\/2023\/resumo-iludida-31-08-selcuk-descobre-que-sua-mae-esta-doente\/236591","title":{"rendered":"Resumo \u201cIludida\u201d 31\/08: Sel\u00e7uk descobre que sua m\u00e3e est\u00e1 doente"},"content":{"rendered":"<p><img loading=\"lazy\" decoding=\"async\" class=\"aligncenter size-full wp-image-235992\" src=\"https:\/\/migracao.redenoticia.com.br\/noticia\/imagens\/novela-iludida-logo-resumo-canal-tnt.jpg\" alt=\"\" width=\"1280\" height=\"720\" srcset=\"https:\/\/migracao.redenoticia.com.br\/noticia\/imagens\/novela-iludida-logo-resumo-canal-tnt.jpg 1280w, https:\/\/migracao.redenoticia.com.br\/noticia\/imagens\/novela-iludida-logo-resumo-canal-tnt-250x140.jpg 250w, https:\/\/migracao.redenoticia.com.br\/noticia\/imagens\/novela-iludida-logo-resumo-canal-tnt-400x225.jpg 400w, https:\/\/migracao.redenoticia.com.br\/noticia\/imagens\/novela-iludida-logo-resumo-canal-tnt-768x432.jpg 768w, https:\/\/migracao.redenoticia.com.br\/noticia\/imagens\/novela-iludida-logo-resumo-canal-tnt-150x84.jpg 150w\" sizes=\"auto, (max-width: 1280px) 100vw, 1280px\" \/><\/p>\n<p><strong><em>Resumo da novela \u201cIludida\u201d<\/em><\/strong> em 31\/08: no cap\u00edtulo 049(*) da novela, G\u00f6n\u00fcl consegue evitar as not\u00edcias de alguma forma. Por\u00e9m, todo mundo come\u00e7a a falar da surpresa que Sel\u00e7uk fez no evento de Derin. Volkan fica bravo quando v\u00ea Sel\u00e7uk na casa de Asya e pergunta o que est\u00e1 acontecendo. &#8230; G\u00f6n\u00fcl G\u00fc\u00e7l\u00fc est\u00e1 de p\u00e9, evitando que m\u00e1s not\u00edcias apare\u00e7am nos jornais do dia seguinte. Ela for\u00e7a Haluk a repassar suas propriedades aos filhos contra um poss\u00edvel caso de ado\u00e7\u00e3o. Tanto Cavidan quanto os outros se perguntam quem \u00e9 a m\u00e3e de Sel\u00e7uk. Eles at\u00e9 pressionam Nil e fazem perguntas. Sel\u00e7uk est\u00e1 decidido a n\u00e3o aceitar dinheiro. <\/p>\n<p>Haluk conversa com Hicran sobre a mudan\u00e7a de seu filho. Depois, Hicran vai falar com Nil. Hicran confessa a Nil que tem c\u00e2ncer no p\u00e2ncreas e est\u00e1 em fase terminal. \u201c\u00c9 por isso que voltei para Tekirdag. Queria reencontrar meu filho e confessar quem \u00e9 o pai dele\u201d, explicou. Sel\u00e7uk ouve tudo. Sel\u00e7uk aparece na casa de Asya e a atualiza sobre o que est\u00e1 acontecendo com sua m\u00e3e. Depois de saber o qu\u00e3o avan\u00e7ada est\u00e1 a doen\u00e7a, a m\u00e9dica confirma o que Hicran disse: &#8220;A senhora tem muito pouco tempo de vida.&#8221; Volkan chega neste momento e quer saber mais sobre o encontro.<\/p>\n<p>Sinan encontra Asya no caminho de volta para Istambul. Algu\u00e9m tira fotos deles enquanto se abra\u00e7am e se despedem. Mais tarde, sob a orienta\u00e7\u00e3o da Sra. G\u00f6n\u00fcl, o jornal intitula uma mat\u00e9ria: &#8220;O que est\u00e1 acontecendo na vida privada de Asya&#8221;. Asya procura o jornal, mas n\u00e3o consegue reverter. Ent\u00e3o Volkan faz uma cena no hospital. Eles tamb\u00e9m discutem na terapia.  <\/p>\n<p>(*) edi\u00e7\u00e3o das novelas da TNT\/HBO, \u201cIludida\u201d, sujeito a altera\u00e7\u00e3o de data e conte\u00fado.<\/p>\n<p>Sinopse &#8220;Iludida&#8221;: Com apenas 37 anos, Asya \u00e9 vice-diretora e m\u00e9dica em um hospital da cidade de Tekirdag. Al\u00e9m de ter uma carreira profissional de sucesso, leva uma vida tranquila com o seu marido Volkan e seu filho Ali. Ela parece ter tudo: um trabalho perfeito, uma casa linda e uma fam\u00edlia feliz. Asya se sente a mulher mais sortuda do mundo, o que mais ela poderia pedir? Tudo na sua vida parecia ser cor-de-rosa, at\u00e9 que ela descobre um cabelo loiro no cachecol do seu marido, o que a transforma em uma pessoa obsessiva e incapaz de confiar nas pessoas ao seu redor. Por\u00e9m, ela n\u00e3o se engana em desconfiar deles: aos poucos, Asya descobre uma rede de mentiras que a leva a perceber que a sua vida n\u00e3o era t\u00e3o perfeita como ela pensava.<\/p>\n","protected":false},"excerpt":{"rendered":"<p>Resumo da novela \u201cIludida\u201d em 31\/08: no cap\u00edtulo 049(*) da novela, G\u00f6n\u00fcl consegue evitar as not\u00edcias de alguma forma. Por\u00e9m, todo mundo come\u00e7a a falar da surpresa que Sel\u00e7uk fez no evento de Derin. Volkan fica bravo quando v\u00ea Sel\u00e7uk na casa de Asya e pergunta o que est\u00e1 acontecendo. &#8230; G\u00f6n\u00fcl G\u00fc\u00e7l\u00fc est\u00e1 de [&hellip;]<\/p>\n","protected":false},"author":2,"featured_media":235991,"comment_status":"closed","ping_status":"closed","sticky":false,"template":"","format":"standard","meta":{"tdm_status":"","tdm_grid_status":"","footnotes":""},"categories":[2317,379,2025,343,2315],"tags":[441],"class_list":{"0":"post-236591","1":"post","2":"type-post","3":"status-publish","4":"format-standard","5":"has-post-thumbnail","7":"category-iludida","8":"category-novelas","9":"category-resumo","10":"category-televisao","11":"category-tnt","12":"tag-resumo-do-dia"},"_links":{"self":[{"href":"https:\/\/migracao.redenoticia.com.br\/noticia\/wp-json\/wp\/v2\/posts\/236591","targetHints":{"allow":["GET"]}}],"collection":[{"href":"https:\/\/migracao.redenoticia.com.br\/noticia\/wp-json\/wp\/v2\/posts"}],"about":[{"href":"https:\/\/migracao.redenoticia.com.br\/noticia\/wp-json\/wp\/v2\/types\/post"}],"author":[{"embeddable":true,"href":"https:\/\/migracao.redenoticia.com.br\/noticia\/wp-json\/wp\/v2\/users\/2"}],"replies":[{"embeddable":true,"href":"https:\/\/migracao.redenoticia.com.br\/noticia\/wp-json\/wp\/v2\/comments?post=236591"}],"version-history":[{"count":0,"href":"https:\/\/migracao.redenoticia.com.br\/noticia\/wp-json\/wp\/v2\/posts\/236591\/revisions"}],"wp:featuredmedia":[{"embeddable":true,"href":"https:\/\/migracao.redenoticia.com.br\/noticia\/wp-json\/wp\/v2\/media\/235991"}],"wp:attachment":[{"href":"https:\/\/migracao.redenoticia.com.br\/noticia\/wp-json\/wp\/v2\/media?parent=236591"}],"wp:term":[{"taxonomy":"category","embeddable":true,"href":"https:\/\/migracao.redenoticia.com.br\/noticia\/wp-json\/wp\/v2\/categories?post=236591"},{"taxonomy":"post_tag","embeddable":true,"href":"https:\/\/migracao.redenoticia.com.br\/noticia\/wp-json\/wp\/v2\/tags?post=236591"}],"curies":[{"name":"wp","href":"https:\/\/api.w.org\/{rel}","templated":true}]}}