{"id":236625,"date":"2023-08-31T16:47:18","date_gmt":"2023-08-31T19:47:18","guid":{"rendered":"https:\/\/www.redenoticia.com.br\/noticia\/?p=236625"},"modified":"2023-08-31T16:47:18","modified_gmt":"2023-08-31T19:47:18","slug":"resumo-a-infancia-de-romeu-e-julieta-01-09-o-juri-escolhe-os-vencedores-do-show","status":"publish","type":"post","link":"https:\/\/migracao.redenoticia.com.br\/noticia\/2023\/resumo-a-infancia-de-romeu-e-julieta-01-09-o-juri-escolhe-os-vencedores-do-show\/236625","title":{"rendered":"Resumo \u201cA Inf\u00e2ncia de Romeu e Julieta\u201d 01\/09: O j\u00fari escolhe os vencedores do show"},"content":{"rendered":"<p> <img loading=\"lazy\" decoding=\"async\" src=\"https:\/\/migracao.redenoticia.com.br\/noticia\/imagens\/novela-romeu-e-julieta-sbt-elenco-resumo.jpg\" alt=\"\" width=\"1280\" height=\"720\" class=\"aligncenter size-full wp-image-232242\" srcset=\"https:\/\/migracao.redenoticia.com.br\/noticia\/imagens\/novela-romeu-e-julieta-sbt-elenco-resumo.jpg 1280w, https:\/\/migracao.redenoticia.com.br\/noticia\/imagens\/novela-romeu-e-julieta-sbt-elenco-resumo-250x140.jpg 250w, https:\/\/migracao.redenoticia.com.br\/noticia\/imagens\/novela-romeu-e-julieta-sbt-elenco-resumo-400x225.jpg 400w, https:\/\/migracao.redenoticia.com.br\/noticia\/imagens\/novela-romeu-e-julieta-sbt-elenco-resumo-768x432.jpg 768w, https:\/\/migracao.redenoticia.com.br\/noticia\/imagens\/novela-romeu-e-julieta-sbt-elenco-resumo-150x84.jpg 150w\" sizes=\"auto, (max-width: 1280px) 100vw, 1280px\" \/><\/p>\n<p><strong><em>Resumo da novela \u201cA Inf\u00e2ncia de Romeu e Julieta\u201d<\/em><\/strong> em 01\/09: no cap\u00edtulo 085(*) da novela, Fora do palco, T\u00e9o resolve ajudar e apoiar L\u00edvia. Ap\u00f3s ver L\u00edvia feliz, T\u00e9o diz que ficou chateado com o t\u00e9rmino, mas que deseja continuar a amizade. Disfar\u00e7ado, Fred se apresenta cantando no evento; Vera, Bernardo e Glaucia o reconhecem. Na coxia, Glaucia surta com o marido pela exposi\u00e7\u00e3o e diz que Leandro n\u00e3o gosta dessa atitude. Julieta e T\u00e9o querem Diego no time deles no \u201cJogo da Bandeira\u201d, mas Diego explica que prefere ficar longe deles por conta do ci\u00fame de Patrick. <\/p>\n<p>Julieta e T\u00e9o aconselham Patrick a pedir desculpa a Diego. Pedalzera tamb\u00e9m se apresenta no show de talentos. No baile da festa, Telma convida Mauro para dan\u00e7ar e Daniel chama Mariana. Diego dan\u00e7a com Julieta; Romeu nota a cena e convida Karen. L\u00edvia dan\u00e7a com Alex, o que deixa Patrick irritado, mas T\u00e9o explica que ela \u00e9 livre para dan\u00e7ar com quem quiser. <\/p>\n<p>Karen e Romeu trombam em Julieta e Diego. O j\u00fari escolhe os vencedores do show de talentos e anunciam os tr\u00eas colocados; o grande campe\u00e3o ganha uma bicicleta. O \u201cJogo da Bandeira\u201d inicia e Lado Torre e Lado Vila se enfrentam em quadra.<\/p>\n<p>(*) edi\u00e7\u00e3o das novelas do SBT, \u201cA Inf\u00e2ncia de Romeu e Julieta\u201d, sujeito a altera\u00e7\u00e3o de data e conte\u00fado.<\/p>\n<p>Sinopse \u201cA Inf\u00e2ncia de Romeu e Julieta\u201d: A Trama se passa no bairro chamado castanheiras, em que duas fam\u00edlias com propostas diferentes para esse bairro vivem em disc\u00f3rdia, sendo divididas entre os lados Torre (Campos) e Vila (Monteiro).[6] Entretanto, Romeu (Miguel \u00c2ngelo) e Julieta (Vitt\u00f3ria Seixas) se conhecem, da\u00ed em diante, as fam\u00edlias rivais t\u00eam uma nova oportunidade de trazer paz e uni\u00e3o entre o conv\u00edvio deles. <\/p>\n<p>Romeu e Julieta n\u00e3o sabem como v\u00e3o fazer para ficarem juntos. A not\u00edcia do romance chega \u00e0s fam\u00edlias, que n\u00e3o gostam nada da hist\u00f3ria e tratam de afasta-los imediatamente, aprontando v\u00e1rias situa\u00e7\u00f5es. Romeu e Julieta querem acabar com essa hostilidade e tentam ir atr\u00e1s de uma solu\u00e7\u00e3o, mas ao descobrirem mais sobre a hist\u00f3ria de seus pais, percebem que pode ser imposs\u00edvel.<\/p>\n","protected":false},"excerpt":{"rendered":"<p>Resumo da novela \u201cA Inf\u00e2ncia de Romeu e Julieta\u201d em 01\/09: no cap\u00edtulo 085(*) da novela, Fora do palco, T\u00e9o resolve ajudar e apoiar L\u00edvia. Ap\u00f3s ver L\u00edvia feliz, T\u00e9o diz que ficou chateado com o t\u00e9rmino, mas que deseja continuar a amizade. Disfar\u00e7ado, Fred se apresenta cantando no evento; Vera, Bernardo e Glaucia o [&hellip;]<\/p>\n","protected":false},"author":2,"featured_media":232241,"comment_status":"closed","ping_status":"closed","sticky":false,"template":"","format":"standard","meta":{"tdm_status":"","tdm_grid_status":"","footnotes":""},"categories":[2306,379,2025,372,343],"tags":[441],"class_list":{"0":"post-236625","1":"post","2":"type-post","3":"status-publish","4":"format-standard","5":"has-post-thumbnail","7":"category-novela-romeu-e-julieta","8":"category-novelas","9":"category-resumo","10":"category-sbt","11":"category-televisao","12":"tag-resumo-do-dia"},"_links":{"self":[{"href":"https:\/\/migracao.redenoticia.com.br\/noticia\/wp-json\/wp\/v2\/posts\/236625","targetHints":{"allow":["GET"]}}],"collection":[{"href":"https:\/\/migracao.redenoticia.com.br\/noticia\/wp-json\/wp\/v2\/posts"}],"about":[{"href":"https:\/\/migracao.redenoticia.com.br\/noticia\/wp-json\/wp\/v2\/types\/post"}],"author":[{"embeddable":true,"href":"https:\/\/migracao.redenoticia.com.br\/noticia\/wp-json\/wp\/v2\/users\/2"}],"replies":[{"embeddable":true,"href":"https:\/\/migracao.redenoticia.com.br\/noticia\/wp-json\/wp\/v2\/comments?post=236625"}],"version-history":[{"count":0,"href":"https:\/\/migracao.redenoticia.com.br\/noticia\/wp-json\/wp\/v2\/posts\/236625\/revisions"}],"wp:featuredmedia":[{"embeddable":true,"href":"https:\/\/migracao.redenoticia.com.br\/noticia\/wp-json\/wp\/v2\/media\/232241"}],"wp:attachment":[{"href":"https:\/\/migracao.redenoticia.com.br\/noticia\/wp-json\/wp\/v2\/media?parent=236625"}],"wp:term":[{"taxonomy":"category","embeddable":true,"href":"https:\/\/migracao.redenoticia.com.br\/noticia\/wp-json\/wp\/v2\/categories?post=236625"},{"taxonomy":"post_tag","embeddable":true,"href":"https:\/\/migracao.redenoticia.com.br\/noticia\/wp-json\/wp\/v2\/tags?post=236625"}],"curies":[{"name":"wp","href":"https:\/\/api.w.org\/{rel}","templated":true}]}}