{"id":236636,"date":"2023-08-31T16:53:09","date_gmt":"2023-08-31T19:53:09","guid":{"rendered":"https:\/\/www.redenoticia.com.br\/noticia\/?p=236636"},"modified":"2023-09-18T21:03:46","modified_gmt":"2023-09-19T00:03:46","slug":"resumo-iludida-01-09-fotos-de-asya-e-sinan-saem-nos-jornais","status":"publish","type":"post","link":"https:\/\/migracao.redenoticia.com.br\/noticia\/2023\/resumo-iludida-01-09-fotos-de-asya-e-sinan-saem-nos-jornais\/236636","title":{"rendered":"Resumo \u201cIludida\u201d 01\/09: Fotos de Asya e Sinan saem nos jornais"},"content":{"rendered":"<p><img loading=\"lazy\" decoding=\"async\" class=\"aligncenter size-full wp-image-235992\" src=\"https:\/\/migracao.redenoticia.com.br\/noticia\/imagens\/novela-iludida-logo-resumo-canal-tnt.jpg\" alt=\"\" width=\"1280\" height=\"720\" srcset=\"https:\/\/migracao.redenoticia.com.br\/noticia\/imagens\/novela-iludida-logo-resumo-canal-tnt.jpg 1280w, https:\/\/migracao.redenoticia.com.br\/noticia\/imagens\/novela-iludida-logo-resumo-canal-tnt-250x140.jpg 250w, https:\/\/migracao.redenoticia.com.br\/noticia\/imagens\/novela-iludida-logo-resumo-canal-tnt-400x225.jpg 400w, https:\/\/migracao.redenoticia.com.br\/noticia\/imagens\/novela-iludida-logo-resumo-canal-tnt-768x432.jpg 768w, https:\/\/migracao.redenoticia.com.br\/noticia\/imagens\/novela-iludida-logo-resumo-canal-tnt-150x84.jpg 150w\" sizes=\"auto, (max-width: 1280px) 100vw, 1280px\" \/><\/p>\n<p><strong><em>Resumo da novela \u201cIludida\u201d<\/em><\/strong> em 01\/09: no cap\u00edtulo 050(*) da novela, as fotos de Asya e Sinan saem em todos os jornais. G\u00f6n\u00fcl vai \u00e0 casa de Asya para enfrent\u00e1-la. Sel\u00e7uk ter\u00e1 que enfrentar G\u00f6n\u00fcl. &#8230; <em>Em detalhes,<\/em> o novo relacionamento da m\u00e9dica ganha a primeira p\u00e1gina do jornal e todos come\u00e7am a falar sobre isso. Vendo o que est\u00e1 acontecendo, o diretor do hospital pede a Asya que tome mais cuidado com sua vida privada. <\/p>\n<p>Asya vai ao jornal falar sobre as not\u00edcias que fizeram sobre ela. Quando ele diz que tanto ela quanto o hospital v\u00e3o abrir um processo de indeniza\u00e7\u00e3o contra eles, a mulher imediatamente se desfaz e diz que G\u00f6n\u00fcl deu as fotos e pediu que virassem not\u00edcia. Asya vai at\u00e9 G\u00f6n\u00fcl e amea\u00e7a mostrar o v\u00eddeo. Asya discute com G\u00f6n\u00fcl e envia o v\u00eddeo do que Volkan disse para ela em sua cozinha e diz: \u201cSe voc\u00ea n\u00e3o quer que eu mande isso para os jornais, pare de mexer comigo\u201d. G\u00f6n\u00fcl conversa com Asya e pede que ela apague o v\u00eddeo, mas a mulher n\u00e3o o faz.<\/p>\n<p>Ali, por sua vez, tem que suportar os sussurros de seus companheiros sobre sua m\u00e3e. \u201cEnt\u00e3o agora ela tem um novo namorado. Ela se esqueceu do seu pai\u201d, diz um deles. Demir sai em defesa de Ali. Ambos se tornaram bastante amigos nas \u00faltimas semanas e agora s\u00e3o protetores um do outro. Ali apoia Demir, que j\u00e1 zombou dele muitas vezes. Quando a not\u00edcia de sua m\u00e3e \u00e9 divulgada e seus colegas atacam Ali, Demir tamb\u00e9m o apoia. Ali diz que acredita em sua m\u00e3e. Bahar vai contar para a m\u00e3e que vai se divorciar de Mert, mas n\u00e3o recebe apoio. <\/p>\n<p>(*) edi\u00e7\u00e3o das novelas da TNT\/HBO, \u201cIludida\u201d, sujeito a altera\u00e7\u00e3o de data e conte\u00fado.<\/p>\n<p>Sinopse &#8220;Iludida&#8221;: Com apenas 37 anos, Asya \u00e9 vice-diretora e m\u00e9dica em um hospital da cidade de Tekirdag. Al\u00e9m de ter uma carreira profissional de sucesso, leva uma vida tranquila com o seu marido Volkan e seu filho Ali. Ela parece ter tudo: um trabalho perfeito, uma casa linda e uma fam\u00edlia feliz. Asya se sente a mulher mais sortuda do mundo, o que mais ela poderia pedir? Tudo na sua vida parecia ser cor-de-rosa, at\u00e9 que ela descobre um cabelo loiro no cachecol do seu marido, o que a transforma em uma pessoa obsessiva e incapaz de confiar nas pessoas ao seu redor. Por\u00e9m, ela n\u00e3o se engana em desconfiar deles: aos poucos, Asya descobre uma rede de mentiras que a leva a perceber que a sua vida n\u00e3o era t\u00e3o perfeita como ela pensava.<\/p>\n","protected":false},"excerpt":{"rendered":"<p>Resumo da novela \u201cIludida\u201d em 01\/09: no cap\u00edtulo 050(*) da novela, as fotos de Asya e Sinan saem em todos os jornais. G\u00f6n\u00fcl vai \u00e0 casa de Asya para enfrent\u00e1-la. Sel\u00e7uk ter\u00e1 que enfrentar G\u00f6n\u00fcl. &#8230; Em detalhes, o novo relacionamento da m\u00e9dica ganha a primeira p\u00e1gina do jornal e todos come\u00e7am a falar sobre [&hellip;]<\/p>\n","protected":false},"author":4,"featured_media":235991,"comment_status":"closed","ping_status":"closed","sticky":false,"template":"","format":"standard","meta":{"tdm_status":"","tdm_grid_status":"","footnotes":""},"categories":[2317,379,2025,343,2315],"tags":[441],"class_list":{"0":"post-236636","1":"post","2":"type-post","3":"status-publish","4":"format-standard","5":"has-post-thumbnail","7":"category-iludida","8":"category-novelas","9":"category-resumo","10":"category-televisao","11":"category-tnt","12":"tag-resumo-do-dia"},"_links":{"self":[{"href":"https:\/\/migracao.redenoticia.com.br\/noticia\/wp-json\/wp\/v2\/posts\/236636","targetHints":{"allow":["GET"]}}],"collection":[{"href":"https:\/\/migracao.redenoticia.com.br\/noticia\/wp-json\/wp\/v2\/posts"}],"about":[{"href":"https:\/\/migracao.redenoticia.com.br\/noticia\/wp-json\/wp\/v2\/types\/post"}],"author":[{"embeddable":true,"href":"https:\/\/migracao.redenoticia.com.br\/noticia\/wp-json\/wp\/v2\/users\/4"}],"replies":[{"embeddable":true,"href":"https:\/\/migracao.redenoticia.com.br\/noticia\/wp-json\/wp\/v2\/comments?post=236636"}],"version-history":[{"count":0,"href":"https:\/\/migracao.redenoticia.com.br\/noticia\/wp-json\/wp\/v2\/posts\/236636\/revisions"}],"wp:featuredmedia":[{"embeddable":true,"href":"https:\/\/migracao.redenoticia.com.br\/noticia\/wp-json\/wp\/v2\/media\/235991"}],"wp:attachment":[{"href":"https:\/\/migracao.redenoticia.com.br\/noticia\/wp-json\/wp\/v2\/media?parent=236636"}],"wp:term":[{"taxonomy":"category","embeddable":true,"href":"https:\/\/migracao.redenoticia.com.br\/noticia\/wp-json\/wp\/v2\/categories?post=236636"},{"taxonomy":"post_tag","embeddable":true,"href":"https:\/\/migracao.redenoticia.com.br\/noticia\/wp-json\/wp\/v2\/tags?post=236636"}],"curies":[{"name":"wp","href":"https:\/\/api.w.org\/{rel}","templated":true}]}}