{"id":236692,"date":"2023-09-03T10:54:13","date_gmt":"2023-09-03T13:54:13","guid":{"rendered":"https:\/\/www.redenoticia.com.br\/noticia\/?p=236692"},"modified":"2023-09-03T11:19:28","modified_gmt":"2023-09-03T14:19:28","slug":"resumo-sera-isso-amor-04-09-eda-ouve-conversa-entre-aydan-e-serkan","status":"publish","type":"post","link":"https:\/\/migracao.redenoticia.com.br\/noticia\/2023\/resumo-sera-isso-amor-04-09-eda-ouve-conversa-entre-aydan-e-serkan\/236692","title":{"rendered":"Resumo \u201cSer\u00e1 Isso Amor?\u201d 04\/09: Eda ouve conversa entre Aydan e Serkan"},"content":{"rendered":"<p> <img loading=\"lazy\" decoding=\"async\" class=\"aligncenter size-full wp-image-235988\" src=\"https:\/\/migracao.redenoticia.com.br\/noticia\/imagens\/novela-sera-isso-amor-tnt-resumo-elenco.jpg\" alt=\"\" width=\"1280\" height=\"720\" srcset=\"https:\/\/migracao.redenoticia.com.br\/noticia\/imagens\/novela-sera-isso-amor-tnt-resumo-elenco.jpg 1280w, https:\/\/migracao.redenoticia.com.br\/noticia\/imagens\/novela-sera-isso-amor-tnt-resumo-elenco-250x140.jpg 250w, https:\/\/migracao.redenoticia.com.br\/noticia\/imagens\/novela-sera-isso-amor-tnt-resumo-elenco-400x225.jpg 400w, https:\/\/migracao.redenoticia.com.br\/noticia\/imagens\/novela-sera-isso-amor-tnt-resumo-elenco-768x432.jpg 768w, https:\/\/migracao.redenoticia.com.br\/noticia\/imagens\/novela-sera-isso-amor-tnt-resumo-elenco-150x84.jpg 150w\" sizes=\"auto, (max-width: 1280px) 100vw, 1280px\" \/><\/p>\n<p><strong><em>Resumo da novela \u201cSer\u00e1 Isso Amor?\u201d<\/em><\/strong> em 04\/09: no cap\u00edtulo 051(*) da novela, Aydan liga para Eda e a garota vem imediatamente. Elas concordam em tentar sair novamente no dia seguinte. Enquanto Eda sai de casa, Serkan chega. Enquanto Serkan faz um discurso sobre o motivo da separa\u00e7\u00e3o, Eda volta e ouve conversas. Eda tem v\u00e1rias perguntas em mente agora. \u00c9 por causa dos pais que Serkan se separou dela. \u00c9 muito mais dif\u00edcil para Serkan esconder seu amor por Eda. Ela pergunta \u00e0 Aydan, mas n\u00e3o obt\u00e9m uma resposta satisfat\u00f3ria. <\/p>\n<p>Serkan fala sobre a presen\u00e7a de Eda em sua vida: \u201cSe a coincid\u00eancia n\u00e3o tivesse trazido voc\u00ea at\u00e9 mim, eu teria vivido da mesma forma, mas sem saber de tudo. Voc\u00ea me ensinou que existe outro tipo de vida no mundo e que eu tenho uma alma.&#8221; <\/p>\n<p>Enquanto Eda pratica esportes com as meninas e toma caf\u00e9 da manh\u00e3, ela fica com n\u00e1useas. Ayfer desconfia que a sobrinha est\u00e1 gr\u00e1vida e pergunta \u00e0s meninas. A empolga\u00e7\u00e3o da vinda de Emre e Aslan Kafes\u00e7ioglu \u00e0 empresa para ver Efe alegra os funcion\u00e1rios. Ele pede que fa\u00e7am reformas para a festa que v\u00e3o dar em sua casa. Eles querem que Eda cuide do jardim e Serkan da casa. Os dois v\u00e3o para a casa para acertar os termos do contrato e ficam de queixo ca\u00eddo com a proposta: \u201cAchamos que, para conhecer seu jeito de trabalhar, voc\u00ea reforma esse lugar. E para isso, o melhor \u00e9 que voc\u00ea estude aqui todas as possibilidades\u201d. <\/p>\n<p>O casal Kafes\u00e7ioglu tem um beb\u00ea chamado Serkan. Eda cuida do beb\u00ea quando a bab\u00e1 pede demiss\u00e3o. <\/p>\n<p>(*) edi\u00e7\u00e3o das novelas da TNT\/HBO, \u201cSer\u00e1 Isso Amor?\u201d, sujeito a altera\u00e7\u00e3o de data e conte\u00fado.<\/p>\n<p>Sinopse &#8220;Ser\u00e1 Isso Amor?&#8221;: (Primeira Temporada) Eda n\u00e3o consegue concluir sua gradua\u00e7\u00e3o na faculdade de arquitetura paisag\u00edstica por causa de Serkan Bolat. Serkan tem uma ex-namorada, Selin, que ficou noiva recentemente ap\u00f3s o rompimento. Para recuper\u00e1-la, Serkan oferece a Eda um contrato segundo o qual ela deve fingir ser sua noiva por dois meses. Ela aceita a oferta e n\u00e3o demora para surgir algo entre eles. <\/p>\n<p>(Segunda Temporada) Serkan e Eda passam por momentos dif\u00edceis durante o tratamento de c\u00e2ncer dele, que fica obcecado com sua doen\u00e7a e que vira um homem completamente diferente ap\u00f3s sobreviver. Serkan volta a se concentrar apenas em seu trabalho, que aos poucos o afasta de Eda. Mais tarde, ela vai para a It\u00e1lia para concluir seus estudos, enquanto Serkan continua com sua vida. Mas quando eles finalmente se reencontram ap\u00f3s 5 longos anos, a vida tem uma surpresa para ambos.<\/p>\n","protected":false},"excerpt":{"rendered":"<p>Resumo da novela \u201cSer\u00e1 Isso Amor?\u201d em 04\/09: no cap\u00edtulo 051(*) da novela, Aydan liga para Eda e a garota vem imediatamente. Elas concordam em tentar sair novamente no dia seguinte. Enquanto Eda sai de casa, Serkan chega. Enquanto Serkan faz um discurso sobre o motivo da separa\u00e7\u00e3o, Eda volta e ouve conversas. Eda tem [&hellip;]<\/p>\n","protected":false},"author":4,"featured_media":235990,"comment_status":"closed","ping_status":"closed","sticky":false,"template":"","format":"standard","meta":{"tdm_status":"","tdm_grid_status":"","footnotes":""},"categories":[379,2025,2316,343,2315],"tags":[441],"class_list":{"0":"post-236692","1":"post","2":"type-post","3":"status-publish","4":"format-standard","5":"has-post-thumbnail","7":"category-novelas","8":"category-resumo","9":"category-sera-isso-amor","10":"category-televisao","11":"category-tnt","12":"tag-resumo-do-dia"},"_links":{"self":[{"href":"https:\/\/migracao.redenoticia.com.br\/noticia\/wp-json\/wp\/v2\/posts\/236692","targetHints":{"allow":["GET"]}}],"collection":[{"href":"https:\/\/migracao.redenoticia.com.br\/noticia\/wp-json\/wp\/v2\/posts"}],"about":[{"href":"https:\/\/migracao.redenoticia.com.br\/noticia\/wp-json\/wp\/v2\/types\/post"}],"author":[{"embeddable":true,"href":"https:\/\/migracao.redenoticia.com.br\/noticia\/wp-json\/wp\/v2\/users\/4"}],"replies":[{"embeddable":true,"href":"https:\/\/migracao.redenoticia.com.br\/noticia\/wp-json\/wp\/v2\/comments?post=236692"}],"version-history":[{"count":0,"href":"https:\/\/migracao.redenoticia.com.br\/noticia\/wp-json\/wp\/v2\/posts\/236692\/revisions"}],"wp:featuredmedia":[{"embeddable":true,"href":"https:\/\/migracao.redenoticia.com.br\/noticia\/wp-json\/wp\/v2\/media\/235990"}],"wp:attachment":[{"href":"https:\/\/migracao.redenoticia.com.br\/noticia\/wp-json\/wp\/v2\/media?parent=236692"}],"wp:term":[{"taxonomy":"category","embeddable":true,"href":"https:\/\/migracao.redenoticia.com.br\/noticia\/wp-json\/wp\/v2\/categories?post=236692"},{"taxonomy":"post_tag","embeddable":true,"href":"https:\/\/migracao.redenoticia.com.br\/noticia\/wp-json\/wp\/v2\/tags?post=236692"}],"curies":[{"name":"wp","href":"https:\/\/api.w.org\/{rel}","templated":true}]}}