{"id":236709,"date":"2023-09-03T11:03:56","date_gmt":"2023-09-03T14:03:56","guid":{"rendered":"https:\/\/www.redenoticia.com.br\/noticia\/?p=236709"},"modified":"2023-09-18T21:04:50","modified_gmt":"2023-09-19T00:04:50","slug":"resumo-iludida-04-09-um-ladrao-invade-a-exposicao-de-fotografia-de-sinan","status":"publish","type":"post","link":"https:\/\/migracao.redenoticia.com.br\/noticia\/2023\/resumo-iludida-04-09-um-ladrao-invade-a-exposicao-de-fotografia-de-sinan\/236709","title":{"rendered":"Resumo \u201cIludida\u201d 04\/09: um ladr\u00e3o invade a exposi\u00e7\u00e3o de fotografia de Sinan"},"content":{"rendered":"<p><img loading=\"lazy\" decoding=\"async\" class=\"aligncenter size-full wp-image-235992\" src=\"https:\/\/migracao.redenoticia.com.br\/noticia\/imagens\/novela-iludida-logo-resumo-canal-tnt.jpg\" alt=\"\" width=\"1280\" height=\"720\" srcset=\"https:\/\/migracao.redenoticia.com.br\/noticia\/imagens\/novela-iludida-logo-resumo-canal-tnt.jpg 1280w, https:\/\/migracao.redenoticia.com.br\/noticia\/imagens\/novela-iludida-logo-resumo-canal-tnt-250x140.jpg 250w, https:\/\/migracao.redenoticia.com.br\/noticia\/imagens\/novela-iludida-logo-resumo-canal-tnt-400x225.jpg 400w, https:\/\/migracao.redenoticia.com.br\/noticia\/imagens\/novela-iludida-logo-resumo-canal-tnt-768x432.jpg 768w, https:\/\/migracao.redenoticia.com.br\/noticia\/imagens\/novela-iludida-logo-resumo-canal-tnt-150x84.jpg 150w\" sizes=\"auto, (max-width: 1280px) 100vw, 1280px\" \/><\/p>\n<p><strong><em>Resumo da novela \u201cIludida\u201d<\/em><\/strong> em 04\/09: no cap\u00edtulo 051(*) da novela, Sinan liga para Asya e conta que um ladr\u00e3o invadiu a exposi\u00e7\u00e3o de fotografia que ele estava prestes a abrir em Istambul e roubou a sua foto. Asya liga para Volkan e diz que suspeita dele. Ent\u00e3o Sinan liga para Volkan. Melih, tio de Derin e Demir, vem visitar sua fam\u00edlia. G\u00f6nul e Hal\u00fck ficam encantados com sua presen\u00e7a. Ap\u00f3s sua chegada a Tekirdag, Melih conhece Bahar e fica impressionado com ela. Essa amizade n\u00e3o agrada a G\u00f6nul, que tenta desacreditar a ruiva aos olhos do irm\u00e3o. No entanto, o homem ignora as intrigas de G\u00f6nul e decide continuar conhecendo Bahar. <\/p>\n<p>Enquanto Bahar deixa Ali na escola, ela encontra Melih, que est\u00e1 l\u00e1 para deixar Demir. O homem a convida para ir \u00e0 confeitaria. Quando Cavidan os v\u00ea e conta para G\u00f6n\u00fcl, a mulher vai at\u00e9 l\u00e1 e diz coisas que v\u00e3o incomodar Bahar. Melih ent\u00e3o pega o telefone e pede desculpas a ela. Ele deixa claro que eles nunca mais se encontrar\u00e3o. G\u00f6n\u00fcl vai at\u00e9 Hicran e a amea\u00e7a, Sel\u00e7uk interv\u00e9m na situa\u00e7\u00e3o. Em seguida, ele vai at\u00e9 a empresa e avisa a Haluk que entrar\u00e1 com um processo de paternidade. Ele vai at\u00e9 Asya e pergunta o que deve ser feito no caso. Asya lhe d\u00e1 conselhos, mas quer encaminh\u00e1-lo para um advogado.<\/p>\n<p>(*) edi\u00e7\u00e3o das novelas da TNT\/HBO, \u201cIludida\u201d, sujeito a altera\u00e7\u00e3o de data e conte\u00fado.<\/p>\n<p>Sinopse &#8220;Iludida&#8221;: Com apenas 37 anos, Asya \u00e9 vice-diretora e m\u00e9dica em um hospital da cidade de Tekirdag. Al\u00e9m de ter uma carreira profissional de sucesso, leva uma vida tranquila com o seu marido Volkan e seu filho Ali. Ela parece ter tudo: um trabalho perfeito, uma casa linda e uma fam\u00edlia feliz. Asya se sente a mulher mais sortuda do mundo, o que mais ela poderia pedir? Tudo na sua vida parecia ser cor-de-rosa, at\u00e9 que ela descobre um cabelo loiro no cachecol do seu marido, o que a transforma em uma pessoa obsessiva e incapaz de confiar nas pessoas ao seu redor. Por\u00e9m, ela n\u00e3o se engana em desconfiar deles: aos poucos, Asya descobre uma rede de mentiras que a leva a perceber que a sua vida n\u00e3o era t\u00e3o perfeita como ela pensava. <\/p>\n","protected":false},"excerpt":{"rendered":"<p>Resumo da novela \u201cIludida\u201d em 04\/09: no cap\u00edtulo 051(*) da novela, Sinan liga para Asya e conta que um ladr\u00e3o invadiu a exposi\u00e7\u00e3o de fotografia que ele estava prestes a abrir em Istambul e roubou a sua foto. Asya liga para Volkan e diz que suspeita dele. Ent\u00e3o Sinan liga para Volkan. Melih, tio de [&hellip;]<\/p>\n","protected":false},"author":5,"featured_media":235991,"comment_status":"closed","ping_status":"closed","sticky":false,"template":"","format":"standard","meta":{"tdm_status":"","tdm_grid_status":"","footnotes":""},"categories":[2317,379,2025,343,2315],"tags":[441],"class_list":{"0":"post-236709","1":"post","2":"type-post","3":"status-publish","4":"format-standard","5":"has-post-thumbnail","7":"category-iludida","8":"category-novelas","9":"category-resumo","10":"category-televisao","11":"category-tnt","12":"tag-resumo-do-dia"},"_links":{"self":[{"href":"https:\/\/migracao.redenoticia.com.br\/noticia\/wp-json\/wp\/v2\/posts\/236709","targetHints":{"allow":["GET"]}}],"collection":[{"href":"https:\/\/migracao.redenoticia.com.br\/noticia\/wp-json\/wp\/v2\/posts"}],"about":[{"href":"https:\/\/migracao.redenoticia.com.br\/noticia\/wp-json\/wp\/v2\/types\/post"}],"author":[{"embeddable":true,"href":"https:\/\/migracao.redenoticia.com.br\/noticia\/wp-json\/wp\/v2\/users\/5"}],"replies":[{"embeddable":true,"href":"https:\/\/migracao.redenoticia.com.br\/noticia\/wp-json\/wp\/v2\/comments?post=236709"}],"version-history":[{"count":0,"href":"https:\/\/migracao.redenoticia.com.br\/noticia\/wp-json\/wp\/v2\/posts\/236709\/revisions"}],"wp:featuredmedia":[{"embeddable":true,"href":"https:\/\/migracao.redenoticia.com.br\/noticia\/wp-json\/wp\/v2\/media\/235991"}],"wp:attachment":[{"href":"https:\/\/migracao.redenoticia.com.br\/noticia\/wp-json\/wp\/v2\/media?parent=236709"}],"wp:term":[{"taxonomy":"category","embeddable":true,"href":"https:\/\/migracao.redenoticia.com.br\/noticia\/wp-json\/wp\/v2\/categories?post=236709"},{"taxonomy":"post_tag","embeddable":true,"href":"https:\/\/migracao.redenoticia.com.br\/noticia\/wp-json\/wp\/v2\/tags?post=236709"}],"curies":[{"name":"wp","href":"https:\/\/api.w.org\/{rel}","templated":true}]}}