{"id":236740,"date":"2023-09-04T13:56:24","date_gmt":"2023-09-04T16:56:24","guid":{"rendered":"https:\/\/www.redenoticia.com.br\/noticia\/?p=236740"},"modified":"2023-09-04T13:56:24","modified_gmt":"2023-09-04T16:56:24","slug":"resumo-sera-isso-amor-05-09-serkan-e-eda-tem-que-cuidar-de-um-bebe","status":"publish","type":"post","link":"https:\/\/migracao.redenoticia.com.br\/noticia\/2023\/resumo-sera-isso-amor-05-09-serkan-e-eda-tem-que-cuidar-de-um-bebe\/236740","title":{"rendered":"Resumo \u201cSer\u00e1 Isso Amor?\u201d 05\/09: Serkan e Eda t\u00eam que cuidar de um beb\u00ea"},"content":{"rendered":"<p> <img loading=\"lazy\" decoding=\"async\" class=\"aligncenter size-full wp-image-235988\" src=\"https:\/\/migracao.redenoticia.com.br\/noticia\/imagens\/novela-sera-isso-amor-tnt-resumo-elenco.jpg\" alt=\"\" width=\"1280\" height=\"720\" srcset=\"https:\/\/migracao.redenoticia.com.br\/noticia\/imagens\/novela-sera-isso-amor-tnt-resumo-elenco.jpg 1280w, https:\/\/migracao.redenoticia.com.br\/noticia\/imagens\/novela-sera-isso-amor-tnt-resumo-elenco-250x140.jpg 250w, https:\/\/migracao.redenoticia.com.br\/noticia\/imagens\/novela-sera-isso-amor-tnt-resumo-elenco-400x225.jpg 400w, https:\/\/migracao.redenoticia.com.br\/noticia\/imagens\/novela-sera-isso-amor-tnt-resumo-elenco-768x432.jpg 768w, https:\/\/migracao.redenoticia.com.br\/noticia\/imagens\/novela-sera-isso-amor-tnt-resumo-elenco-150x84.jpg 150w\" sizes=\"auto, (max-width: 1280px) 100vw, 1280px\" \/><\/p>\n<p><strong><em>Resumo da novela \u201cSer\u00e1 Isso Amor?\u201d<\/em><\/strong> em 05\/09: no cap\u00edtulo 052(*) da novela, Eda escuta a conversa de Aydan e Serkan. Eda fica triste ao ouvir Serkan alertar sua m\u00e3e para n\u00e3o convidar mais Eda. Eda, depois de ter esperan\u00e7as crescentes, fica desapontada novamente. A luta constante entre seu profundo amor por Eda e, por outro lado, ser incapaz de estar perto dela arruinar\u00e1 Serkan. Eda, por sua vez, n\u00e3o pode negar seus sentimentos por Serkan, apesar de toda sua raiva. Serkan fala sobre a presen\u00e7a de Eda em sua vida: \u201cSe a coincid\u00eancia n\u00e3o tivesse trazido voc\u00ea at\u00e9 mim, eu teria vivido da mesma forma, mas sem saber de tudo. Voc\u00ea me ensinou que existe outro tipo de vida no mundo e que eu tenho uma alma.&#8221; Serkan n\u00e3o pode mais segurar a verdade.<\/p>\n<p>Enquanto Eda pratica esportes com as meninas e toma caf\u00e9 da manh\u00e3, ela fica com n\u00e1useas. Ayfer desconfia que a sobrinha est\u00e1 gr\u00e1vida e pergunta \u00e0s meninas. A empolga\u00e7\u00e3o da vinda de Emre e Aslan Kafes\u00e7ioglu \u00e0 empresa para ver Efe enche os funcion\u00e1rios. Ele pede que fa\u00e7am reformas para a festa que v\u00e3o dar em sua casa. Eles querem que Eda cuide do jardim e Serkan da casa. Os dois v\u00e3o para a casa para acertar os termos do contrato e ficam de queixo ca\u00eddo com a proposta: \u201cAchamos que, para conhecer seu jeito de trabalhar, voc\u00ea reforma esse lugar. E para isso, o melhor \u00e9 que voc\u00ea estude aqui todas as possibilidades\u201d. O casal Kafes\u00e7ioglu tem um beb\u00ea chamado Serkan. Eda cuida do beb\u00ea quando a bab\u00e1 pede demiss\u00e3o porque o homem est\u00e1 muito preocupado. Quando o casal vai trabalhar, Eda diz que eles podem cuidar do beb\u00ea.<\/p>\n<p> O casal Kafes\u00e7ioglu tem um beb\u00ea chamado Serkan. Eda cuida do beb\u00ea quando a bab\u00e1 pede demiss\u00e3o porque o homem est\u00e1 muito preocupado. Quando o casal vai trabalhar, Eda diz que eles podem cuidar do beb\u00ea. A conversa \u00e9 interrompida pelo choro do rec\u00e9m-nascido do casal. Eda vai ajudar os novos pais, que n\u00e3o conseguem acalmar o pequeno e discutem sobre isso. Eda prop\u00f5e que deixem com ela o dia que v\u00e3o passar em sua casa para que possam descansar. Ayslan e Emre aceitam alegremente, enquanto Serkan finge um sorriso, ciente de que n\u00e3o pode recusar.<\/p>\n<p>Eda e Serkan se tornam amigos de Emre e Aslam, os donos da casa. As coisas saem do controle quando Aslam compartilha um segredo especial com Eda. Serkan e Eda embarcam em uma doce aventura que levar\u00e1 a muitos mal-entendidos. &#8216;;A doce aventura que leva a mal-entendidos \u00e9 sobre a gravidez. Serkan tem certeza de que Eda est\u00e1 gr\u00e1vida. Serkan compartilha esta not\u00edcia com Engin e Seyfi sem obter uma confirma\u00e7\u00e3o final de Eda. O mal-entendido de Serkan leva as pessoas ao seu redor \u00e0 confus\u00e3o. Eda deixa Serkan louco. Eda se diverte com a falta de jeito de Serkan em cuidar do beb\u00ea, o que aumenta sua atra\u00e7\u00e3o por ele e n\u00e3o est\u00e1 claro por que ele terminou o relacionamento. Enquanto isso, o arquiteto n\u00e3o consegue tirar da cabe\u00e7a a ideia de que ela est\u00e1 gr\u00e1vida, algo que sua tia e seus amigos tamb\u00e9m suspeitam. <\/p>\n<p>Senhorita Gizem flerta com Engin: Incapaz de cuidar de um beb\u00ea, Serkan liga para Engin para contar o que aconteceu, mas Engin tem sua pr\u00f3pria armadilha. Dona Gizem, a assistente de Kafescioglu, chega de surpresa \u00e0 empresa com uma pasta cheia de demandas. \u201cMeu n\u00famero de telefone est\u00e1 na \u00faltima p\u00e1gina. Pode me ligar a qualquer hora\u201d, indica com voz sugestiva a Engin, que fica t\u00e3o nervoso quanto Pilin fica com ci\u00fames da aud\u00e1cia da rec\u00e9m-chegada. &#8230; Quando o assistente de Kafes\u00e7ioglu bate constantemente em Engin, Piril fica com ci\u00fames e cria tens\u00e3o. <\/p>\n<p>(*) edi\u00e7\u00e3o das novelas da TNT\/HBO, \u201cSer\u00e1 Isso Amor?\u201d, sujeito a altera\u00e7\u00e3o de data e conte\u00fado.<\/p>\n<p>Sinopse &#8220;Ser\u00e1 Isso Amor?&#8221;: (Primeira Temporada) Eda n\u00e3o consegue concluir sua gradua\u00e7\u00e3o na faculdade de arquitetura paisag\u00edstica por causa de Serkan Bolat. Serkan tem uma ex-namorada, Selin, que ficou noiva recentemente ap\u00f3s o rompimento. Para recuper\u00e1-la, Serkan oferece a Eda um contrato segundo o qual ela deve fingir ser sua noiva por dois meses. Ela aceita a oferta e n\u00e3o demora para surgir algo entre eles. <\/p>\n<p>(Segunda Temporada) Serkan e Eda passam por momentos dif\u00edceis durante o tratamento de c\u00e2ncer dele, que fica obcecado com sua doen\u00e7a e que vira um homem completamente diferente ap\u00f3s sobreviver. Serkan volta a se concentrar apenas em seu trabalho, que aos poucos o afasta de Eda. Mais tarde, ela vai para a It\u00e1lia para concluir seus estudos, enquanto Serkan continua com sua vida. Mas quando eles finalmente se reencontram ap\u00f3s 5 longos anos, a vida tem uma surpresa para ambos.<\/p>\n","protected":false},"excerpt":{"rendered":"<p>Resumo da novela \u201cSer\u00e1 Isso Amor?\u201d em 05\/09: no cap\u00edtulo 052(*) da novela, Eda escuta a conversa de Aydan e Serkan. Eda fica triste ao ouvir Serkan alertar sua m\u00e3e para n\u00e3o convidar mais Eda. Eda, depois de ter esperan\u00e7as crescentes, fica desapontada novamente. A luta constante entre seu profundo amor por Eda e, por [&hellip;]<\/p>\n","protected":false},"author":4,"featured_media":235990,"comment_status":"closed","ping_status":"closed","sticky":false,"template":"","format":"standard","meta":{"tdm_status":"","tdm_grid_status":"","footnotes":""},"categories":[379,2025,2316,343,2315],"tags":[441],"class_list":{"0":"post-236740","1":"post","2":"type-post","3":"status-publish","4":"format-standard","5":"has-post-thumbnail","7":"category-novelas","8":"category-resumo","9":"category-sera-isso-amor","10":"category-televisao","11":"category-tnt","12":"tag-resumo-do-dia"},"_links":{"self":[{"href":"https:\/\/migracao.redenoticia.com.br\/noticia\/wp-json\/wp\/v2\/posts\/236740","targetHints":{"allow":["GET"]}}],"collection":[{"href":"https:\/\/migracao.redenoticia.com.br\/noticia\/wp-json\/wp\/v2\/posts"}],"about":[{"href":"https:\/\/migracao.redenoticia.com.br\/noticia\/wp-json\/wp\/v2\/types\/post"}],"author":[{"embeddable":true,"href":"https:\/\/migracao.redenoticia.com.br\/noticia\/wp-json\/wp\/v2\/users\/4"}],"replies":[{"embeddable":true,"href":"https:\/\/migracao.redenoticia.com.br\/noticia\/wp-json\/wp\/v2\/comments?post=236740"}],"version-history":[{"count":0,"href":"https:\/\/migracao.redenoticia.com.br\/noticia\/wp-json\/wp\/v2\/posts\/236740\/revisions"}],"wp:featuredmedia":[{"embeddable":true,"href":"https:\/\/migracao.redenoticia.com.br\/noticia\/wp-json\/wp\/v2\/media\/235990"}],"wp:attachment":[{"href":"https:\/\/migracao.redenoticia.com.br\/noticia\/wp-json\/wp\/v2\/media?parent=236740"}],"wp:term":[{"taxonomy":"category","embeddable":true,"href":"https:\/\/migracao.redenoticia.com.br\/noticia\/wp-json\/wp\/v2\/categories?post=236740"},{"taxonomy":"post_tag","embeddable":true,"href":"https:\/\/migracao.redenoticia.com.br\/noticia\/wp-json\/wp\/v2\/tags?post=236740"}],"curies":[{"name":"wp","href":"https:\/\/api.w.org\/{rel}","templated":true}]}}