{"id":236742,"date":"2023-09-04T13:55:00","date_gmt":"2023-09-04T16:55:00","guid":{"rendered":"https:\/\/www.redenoticia.com.br\/noticia\/?p=236742"},"modified":"2023-09-04T13:55:00","modified_gmt":"2023-09-04T16:55:00","slug":"resumo-a-infancia-de-romeu-e-julieta-05-09-vera-resolve-demitir-vitor","status":"publish","type":"post","link":"https:\/\/migracao.redenoticia.com.br\/noticia\/2023\/resumo-a-infancia-de-romeu-e-julieta-05-09-vera-resolve-demitir-vitor\/236742","title":{"rendered":"Resumo \u201cA Inf\u00e2ncia de Romeu e Julieta\u201d 05\/09: Vera resolve demitir Vitor"},"content":{"rendered":"<p> <img loading=\"lazy\" decoding=\"async\" src=\"https:\/\/migracao.redenoticia.com.br\/noticia\/imagens\/novela-romeu-e-julieta-sbt-elenco-resumo.jpg\" alt=\"\" width=\"1280\" height=\"720\" class=\"aligncenter size-full wp-image-232242\" srcset=\"https:\/\/migracao.redenoticia.com.br\/noticia\/imagens\/novela-romeu-e-julieta-sbt-elenco-resumo.jpg 1280w, https:\/\/migracao.redenoticia.com.br\/noticia\/imagens\/novela-romeu-e-julieta-sbt-elenco-resumo-250x140.jpg 250w, https:\/\/migracao.redenoticia.com.br\/noticia\/imagens\/novela-romeu-e-julieta-sbt-elenco-resumo-400x225.jpg 400w, https:\/\/migracao.redenoticia.com.br\/noticia\/imagens\/novela-romeu-e-julieta-sbt-elenco-resumo-768x432.jpg 768w, https:\/\/migracao.redenoticia.com.br\/noticia\/imagens\/novela-romeu-e-julieta-sbt-elenco-resumo-150x84.jpg 150w\" sizes=\"auto, (max-width: 1280px) 100vw, 1280px\" \/><\/p>\n<p><strong><em>Resumo da novela \u201cA Inf\u00e2ncia de Romeu e Julieta\u201d<\/em><\/strong> em 05\/09: no cap\u00edtulo 087(*) da novela, Leandro mostra a vista do escrit\u00f3rio para T\u00e9o, que fica impressionado. Glaucia v\u00ea P\u00f3rcia com sacola do Armaz\u00e9m e fica brava, diz que a atitude \u00e9 motivo de demiss\u00e3o, mas resolve dar uma nova chance. Crian\u00e7as da gangue Pedalzera observam com \u00e1gua na boca Nath e Ellen tomarem sorvete; mesmo a gangue aprontando, as meninas compram sorvete para os rivais.<\/p>\n<p>Por conta da confus\u00e3o com a fam\u00edlia Campos, Vera resolve demitir Vitor. Acompanhada por Julieta, Mariana compra um novo vestido; a filha diz que Mariana deve usar na mesma noite para trabalhar. Mauro revela para Ellen, Ian, Dimitri e Nath que a Associa\u00e7\u00e3o Protetora dos Animais foi ao ferro-velho, resgatou a Trufa e que Claudio foi preso por maus-tratos.<\/p>\n<p>Trufa volta para casa de Ellen. Nath ganhou no \u201cJogo das Bandeiras\u201d, um dia no CEC, mas ela troca com Enzo. Por tamb\u00e9m ser formado em Educa\u00e7\u00e3o F\u00edsica, Enzo vai at\u00e9 o CEC e diz a H\u00e9lio que deseja ser assistente dele por um dia. A gangue Pedalzera quer descobrir o que \u00e9 o MDI (Mundo da Imagina\u00e7\u00e3o) que tanto os rivais falam. Mariana fica sabendo que Julieta confrontou Vera.<\/p>\n<p>(*) edi\u00e7\u00e3o das novelas do SBT, \u201cA Inf\u00e2ncia de Romeu e Julieta\u201d, sujeito a altera\u00e7\u00e3o de data e conte\u00fado.<\/p>\n<p>Sinopse \u201cA Inf\u00e2ncia de Romeu e Julieta\u201d: A Trama se passa no bairro chamado castanheiras, em que duas fam\u00edlias com propostas diferentes para esse bairro vivem em disc\u00f3rdia, sendo divididas entre os lados Torre (Campos) e Vila (Monteiro).[6] Entretanto, Romeu (Miguel \u00c2ngelo) e Julieta (Vitt\u00f3ria Seixas) se conhecem, da\u00ed em diante, as fam\u00edlias rivais t\u00eam uma nova oportunidade de trazer paz e uni\u00e3o entre o conv\u00edvio deles. <\/p>\n<p>Romeu e Julieta n\u00e3o sabem como v\u00e3o fazer para ficarem juntos. A not\u00edcia do romance chega \u00e0s fam\u00edlias, que n\u00e3o gostam nada da hist\u00f3ria e tratam de afasta-los imediatamente, aprontando v\u00e1rias situa\u00e7\u00f5es. Romeu e Julieta querem acabar com essa hostilidade e tentam ir atr\u00e1s de uma solu\u00e7\u00e3o, mas ao descobrirem mais sobre a hist\u00f3ria de seus pais, percebem que pode ser imposs\u00edvel.<\/p>\n","protected":false},"excerpt":{"rendered":"<p>Resumo da novela \u201cA Inf\u00e2ncia de Romeu e Julieta\u201d em 05\/09: no cap\u00edtulo 087(*) da novela, Leandro mostra a vista do escrit\u00f3rio para T\u00e9o, que fica impressionado. Glaucia v\u00ea P\u00f3rcia com sacola do Armaz\u00e9m e fica brava, diz que a atitude \u00e9 motivo de demiss\u00e3o, mas resolve dar uma nova chance. Crian\u00e7as da gangue Pedalzera [&hellip;]<\/p>\n","protected":false},"author":3,"featured_media":232241,"comment_status":"closed","ping_status":"closed","sticky":false,"template":"","format":"standard","meta":{"tdm_status":"","tdm_grid_status":"","footnotes":""},"categories":[2306,379,2025,372,343],"tags":[441],"class_list":{"0":"post-236742","1":"post","2":"type-post","3":"status-publish","4":"format-standard","5":"has-post-thumbnail","7":"category-novela-romeu-e-julieta","8":"category-novelas","9":"category-resumo","10":"category-sbt","11":"category-televisao","12":"tag-resumo-do-dia"},"_links":{"self":[{"href":"https:\/\/migracao.redenoticia.com.br\/noticia\/wp-json\/wp\/v2\/posts\/236742","targetHints":{"allow":["GET"]}}],"collection":[{"href":"https:\/\/migracao.redenoticia.com.br\/noticia\/wp-json\/wp\/v2\/posts"}],"about":[{"href":"https:\/\/migracao.redenoticia.com.br\/noticia\/wp-json\/wp\/v2\/types\/post"}],"author":[{"embeddable":true,"href":"https:\/\/migracao.redenoticia.com.br\/noticia\/wp-json\/wp\/v2\/users\/3"}],"replies":[{"embeddable":true,"href":"https:\/\/migracao.redenoticia.com.br\/noticia\/wp-json\/wp\/v2\/comments?post=236742"}],"version-history":[{"count":0,"href":"https:\/\/migracao.redenoticia.com.br\/noticia\/wp-json\/wp\/v2\/posts\/236742\/revisions"}],"wp:featuredmedia":[{"embeddable":true,"href":"https:\/\/migracao.redenoticia.com.br\/noticia\/wp-json\/wp\/v2\/media\/232241"}],"wp:attachment":[{"href":"https:\/\/migracao.redenoticia.com.br\/noticia\/wp-json\/wp\/v2\/media?parent=236742"}],"wp:term":[{"taxonomy":"category","embeddable":true,"href":"https:\/\/migracao.redenoticia.com.br\/noticia\/wp-json\/wp\/v2\/categories?post=236742"},{"taxonomy":"post_tag","embeddable":true,"href":"https:\/\/migracao.redenoticia.com.br\/noticia\/wp-json\/wp\/v2\/tags?post=236742"}],"curies":[{"name":"wp","href":"https:\/\/api.w.org\/{rel}","templated":true}]}}