{"id":236743,"date":"2023-09-04T13:54:09","date_gmt":"2023-09-04T16:54:09","guid":{"rendered":"https:\/\/www.redenoticia.com.br\/noticia\/?p=236743"},"modified":"2023-09-04T13:54:09","modified_gmt":"2023-09-04T16:54:09","slug":"resumo-um-refugio-para-o-amor-05-09-jana-conta-a-rodrigo-que-lourenco-foi-detido","status":"publish","type":"post","link":"https:\/\/migracao.redenoticia.com.br\/noticia\/2023\/resumo-um-refugio-para-o-amor-05-09-jana-conta-a-rodrigo-que-lourenco-foi-detido\/236743","title":{"rendered":"Resumo \u201cUm Ref\u00fagio para o Amor\u201d 05\/09: Jana conta a Rodrigo que Louren\u00e7o foi detido"},"content":{"rendered":"<p> <img loading=\"lazy\" decoding=\"async\" src=\"https:\/\/migracao.redenoticia.com.br\/noticia\/imagens\/um-refugio-para-o-amor-novela-resumo-sbt.jpg.jpg\" alt=\"\" width=\"1280\" height=\"720\" class=\"aligncenter size-full wp-image-233922\" srcset=\"https:\/\/migracao.redenoticia.com.br\/noticia\/imagens\/um-refugio-para-o-amor-novela-resumo-sbt.jpg.jpg 1280w, https:\/\/migracao.redenoticia.com.br\/noticia\/imagens\/um-refugio-para-o-amor-novela-resumo-sbt.jpg-250x140.jpg 250w, https:\/\/migracao.redenoticia.com.br\/noticia\/imagens\/um-refugio-para-o-amor-novela-resumo-sbt.jpg-400x225.jpg 400w, https:\/\/migracao.redenoticia.com.br\/noticia\/imagens\/um-refugio-para-o-amor-novela-resumo-sbt.jpg-768x432.jpg 768w, https:\/\/migracao.redenoticia.com.br\/noticia\/imagens\/um-refugio-para-o-amor-novela-resumo-sbt.jpg-150x84.jpg 150w\" sizes=\"auto, (max-width: 1280px) 100vw, 1280px\" \/> <\/p>\n<p><strong><em>Resumo da novela \u201cUm Ref\u00fagio para o Amor\u201d<\/em><\/strong> em 05\/09: no cap\u00edtulo 052(*) da novela, Rodrigo diz a Maximino que se separou de Luciana, mas Maximino defende-a e diz-lhe que ela \u00e9 a \u00fanica mulher capaz de o fazer feliz. Maximino e Roselena s\u00e3o informados que a opera\u00e7\u00e3o de Patr\u00edcio foi um sucesso. Ao acordar Patr\u00edcio chama por Luciana. Br\u00edgida encontra-se com Clara e diz-lhe que ouviu dizer que Rodrigo e Luciana podem ser meios-irm\u00e3os. Clara passa um cheque a Br\u00edgida. Jana e Melissa convidam Luciana para tomar o pequeno-almo\u00e7o e ela sente-se mal. <\/p>\n<p>Roselena discute com Paz e diz-lhe que se v\u00e1 embora porque a m\u00e3e de Luciana era Aurora e n\u00e3o ela. Br\u00edgida ouve tudo. Luciana confessa a Jana e Melissa estar desiludida e magoada com Rodrigo. Patr\u00edcio aconselha o irm\u00e3o a tentar resolver as coisas com Luciana. Clara encontra-se com Aquiles, d\u00e1-lhe um bilhete de avi\u00e3o e paga-lhe a conta do hotel. Aquiles pede-lhe que lhe prometa que fica com Rodrigo. Ger\u00f3nimo diz a Vicky que foi despedido. Louren\u00e7o \u00e9 detido, acusado de roubo. Maximino discute com Aldo por este ter amea\u00e7ado Lastra. Jana quer falar com Rodrigo para que possam ajudar Louren\u00e7o, mas Luciana impede-a de falar com o irm\u00e3o. Maximino diz a Aldo que n\u00e3o gosta que ande metido com Vicky e ele pergunta-lhe se \u00e9 por ser filha de Ger\u00f3nimo ou por ser sua amante.<\/p>\n<p>Maximino d\u00e1 a entender a Aldo que \u00e9 um homem morto se insiste em ficar com Vicky. Jana conta a Rodrigo que Louren\u00e7o foi detido. Rodrigo vai \u00e0 procura de Luciana para falar com ela. Rodrigo beija Luciana e pergunta-lhe se tem a certeza de que se quer divorciar dele. Luciana diz-lhe que n\u00e3o se consegue esquecer que n\u00e3o acreditou nela e vai-se embora. Cl\u00e1udio descobre dep\u00f3sitos feitos num banco com a falsifica\u00e7\u00e3o da sua assinatura. Lastra diz ao advogado de Luciana que a \u00fanica maneira de ele retirar a queixa contra Louren\u00e7o \u00e9 se ela for ter com ele. Rodrigo vai ao Inferno e bate em Lastra por tudo o que fez Luciana passar.<\/p>\n<p>(*) edi\u00e7\u00e3o das novelas do SBT, \u201cUm Ref\u00fagio para o Amor\u201d, sujeito a altera\u00e7\u00e3o de data e conte\u00fado.<\/p>\n<p>Sinopse \u201cUm Ref\u00fagio para o Amor\u201d: Uma hist\u00f3ria de amor entre uma jovem linda, humilde, simples e trabalhadora que gera admira\u00e7\u00e3o entre os homens e inveja entre as mulheres, e que \u00e9 obrigada a fugir de sua cidade, para a capital, encontrando o amor em um homem rico, bonito, de classe, arrogante, amante de esportes radicais e com fama de conquistador, mas que \u00e9 generoso e atencioso. Eles ter\u00e3o que passar por muitas dificuldades para ficarem juntos.<\/p>\n<p>Estrelado por Zuria Vega e Gabriel Soto com um elenco de primeira classe, incluindo Jessica Coch, Roberto Bland\u00f3n, Laura Flores, Jos\u00e9 Carlos Ruiz, entre outros. Um ref\u00fagio para o amor \u00e9 uma novela mexicana produzida por Ignacio Sada Madero, originalmente por Delia Fiallo e adaptada por Georgina Tinoco.<\/p>\n","protected":false},"excerpt":{"rendered":"<p>Resumo da novela \u201cUm Ref\u00fagio para o Amor\u201d em 05\/09: no cap\u00edtulo 052(*) da novela, Rodrigo diz a Maximino que se separou de Luciana, mas Maximino defende-a e diz-lhe que ela \u00e9 a \u00fanica mulher capaz de o fazer feliz. Maximino e Roselena s\u00e3o informados que a opera\u00e7\u00e3o de Patr\u00edcio foi um sucesso. Ao acordar [&hellip;]<\/p>\n","protected":false},"author":2,"featured_media":233921,"comment_status":"closed","ping_status":"closed","sticky":false,"template":"","format":"standard","meta":{"tdm_status":"","tdm_grid_status":"","footnotes":""},"categories":[379,2025,372,343,2310],"tags":[441],"class_list":{"0":"post-236743","1":"post","2":"type-post","3":"status-publish","4":"format-standard","5":"has-post-thumbnail","7":"category-novelas","8":"category-resumo","9":"category-sbt","10":"category-televisao","11":"category-um-refugio-para-o-amor","12":"tag-resumo-do-dia"},"_links":{"self":[{"href":"https:\/\/migracao.redenoticia.com.br\/noticia\/wp-json\/wp\/v2\/posts\/236743","targetHints":{"allow":["GET"]}}],"collection":[{"href":"https:\/\/migracao.redenoticia.com.br\/noticia\/wp-json\/wp\/v2\/posts"}],"about":[{"href":"https:\/\/migracao.redenoticia.com.br\/noticia\/wp-json\/wp\/v2\/types\/post"}],"author":[{"embeddable":true,"href":"https:\/\/migracao.redenoticia.com.br\/noticia\/wp-json\/wp\/v2\/users\/2"}],"replies":[{"embeddable":true,"href":"https:\/\/migracao.redenoticia.com.br\/noticia\/wp-json\/wp\/v2\/comments?post=236743"}],"version-history":[{"count":0,"href":"https:\/\/migracao.redenoticia.com.br\/noticia\/wp-json\/wp\/v2\/posts\/236743\/revisions"}],"wp:featuredmedia":[{"embeddable":true,"href":"https:\/\/migracao.redenoticia.com.br\/noticia\/wp-json\/wp\/v2\/media\/233921"}],"wp:attachment":[{"href":"https:\/\/migracao.redenoticia.com.br\/noticia\/wp-json\/wp\/v2\/media?parent=236743"}],"wp:term":[{"taxonomy":"category","embeddable":true,"href":"https:\/\/migracao.redenoticia.com.br\/noticia\/wp-json\/wp\/v2\/categories?post=236743"},{"taxonomy":"post_tag","embeddable":true,"href":"https:\/\/migracao.redenoticia.com.br\/noticia\/wp-json\/wp\/v2\/tags?post=236743"}],"curies":[{"name":"wp","href":"https:\/\/api.w.org\/{rel}","templated":true}]}}