{"id":236744,"date":"2023-09-04T13:53:17","date_gmt":"2023-09-04T16:53:17","guid":{"rendered":"https:\/\/www.redenoticia.com.br\/noticia\/?p=236744"},"modified":"2023-09-04T13:53:17","modified_gmt":"2023-09-04T16:53:17","slug":"resumo-meu-pecado-05-09-juliano-tenta-matar-ramiro","status":"publish","type":"post","link":"https:\/\/migracao.redenoticia.com.br\/noticia\/2023\/resumo-meu-pecado-05-09-juliano-tenta-matar-ramiro\/236744","title":{"rendered":"Resumo \u201cMeu Pecado\u201d 05\/09: Juliano tenta matar Ramiro"},"content":{"rendered":"<p> <img loading=\"lazy\" decoding=\"async\" class=\"aligncenter size-full wp-image-235437\" src=\"https:\/\/migracao.redenoticia.com.br\/noticia\/imagens\/novela-meu-pecado-resumo-capitulos-elenco-personagens-logo-redenoticia-sbt.jpg\" alt=\"\" width=\"1280\" height=\"720\" srcset=\"https:\/\/migracao.redenoticia.com.br\/noticia\/imagens\/novela-meu-pecado-resumo-capitulos-elenco-personagens-logo-redenoticia-sbt.jpg 1280w, https:\/\/migracao.redenoticia.com.br\/noticia\/imagens\/novela-meu-pecado-resumo-capitulos-elenco-personagens-logo-redenoticia-sbt-250x140.jpg 250w, https:\/\/migracao.redenoticia.com.br\/noticia\/imagens\/novela-meu-pecado-resumo-capitulos-elenco-personagens-logo-redenoticia-sbt-400x225.jpg 400w, https:\/\/migracao.redenoticia.com.br\/noticia\/imagens\/novela-meu-pecado-resumo-capitulos-elenco-personagens-logo-redenoticia-sbt-768x432.jpg 768w, https:\/\/migracao.redenoticia.com.br\/noticia\/imagens\/novela-meu-pecado-resumo-capitulos-elenco-personagens-logo-redenoticia-sbt-150x84.jpg 150w\" sizes=\"auto, (max-width: 1280px) 100vw, 1280px\" \/><\/p>\n<p><strong><em>Resumo da novela \u201cMeu Pecado\u201d<\/em><\/strong> em 05\/09: no cap\u00edtulo 027(*) da novela, Rita incentiva um grupo de moradores, v\u00e3o at\u00e9 a casa do padre, jogam pedras e gritam que Branca \u00e9 uma descarada. Assustada, Branca se esconde. Do lado de for, as pessoas indignadas, atiram uma tocha contra a casa do padre, que se incendeia. Ros\u00e1rio, Renata e Lucr\u00e9cia se preparam para ir at\u00e9 a delegacia da cidade. Ros\u00e1rio lembra que devem dizer o mesmo que consta no depoimento que fizeram em S\u00e3o Pedro. Quando elas ratificam o que disseram em S\u00e3o Pedro, o delegado afirma que est\u00e3o mentindo e revela que tem uma testemunha que passou a noite com Renata no dia do homic\u00eddio. Rodolfo descobre que a conta do hospital j\u00e1 foi paga e acusa Justina de ter pedido ajuda a Ramiro. Ela nega. Rodolfo procura Ramiro e ele tamb\u00e9m nega ter pagado a conta. Juliano via buscar o irm\u00e3o para lev\u00e1-lo para casa, mas diz que n\u00e3o quer sua ajuda. Lucr\u00e9cia est\u00e1 sozinha em um restaurante quando Carmelo aparece e diz que est\u00e1 l\u00e1 para conquistar seu amor. Ramiro pergunta a Assun\u00e7\u00e3o onde est\u00e1 Carmelo e Juliano ouve quando ele diz que est\u00e1 na cidade.<\/p>\n<p> Lucr\u00e9cia tenta entrar em contato com Juliano, mas quem atende ao telefone \u00e9 Lorena e se identifica como sua namorada. Branca pede ao tio que n\u00e3o a leve at\u00e9 a casa de Ramiro, mas n\u00e3o diz o motivo. Mais tarde, na casa do fazendeiro, ele pergunta por que n\u00e3o quer ficar e ela acaba contando que est\u00e1 gr\u00e1vida e que Carmelo \u00e9 o pai de seu filho. Ramiro pede a ela que n\u00e3o conte nada a seu tio. Carmelo convida Ros\u00e1rio, Lucr\u00e9cia e Renata para um passeio. Antes de aceitar o convite, Lucr\u00e9cia deixa claro que n\u00e3o vai aceitar seus galanteios e que s\u00f3 pode lhe oferecer sua amizade. Juliano chega ao hotel decidido a levar Lucr\u00e9cia, mesmo contra sua vontade. Ao ver que Juliano est\u00e1 levando Lucr\u00e9cia \u00e1 for\u00e7a, Ros\u00e1rio chama a pol\u00edcia e acusa Juliano de sequestro. Ros\u00e1rio exige que Paulino a ajude a convencer Lucr\u00e9cia a se casar com Carmelo. Diante da negativa do marido, ela pede o div\u00f3rcio.<\/p>\n<p>Carmelo critica Branca por ter contado a Ramiro sobre o beb\u00ea e diz que nunca se casar\u00e1 com ela. Lucr\u00e9cia fica desconcertada quando Manuel diz que est\u00e1 cansado de ser apenas seu c\u00e3o de guarda. Juliano se desentende com Ramiro por causa de Carmelo e diz ao fazendeiro que se quiser pode despedi-lo. Paulino diz a Carmelo que jamais concordar\u00e1 que se case com Lucr\u00e9cia. Lorena visita Lucr\u00e9cia e entrega a ela o convite de seu casamento com Juliano. Indignada, Lucr\u00e9cia pede explica\u00e7\u00f5es a Juliano e ele afirma que ela \u00e9 a \u00fanica mulher com a qual se casaria. Como o tratamento de Josu\u00e9 vai ser muito caro, Rodolfo pede a Justina que venda a casa do Rio Branco. Sem saber como resolver o problema, Justina procura Ramiro para que ele cumpra a promessa que e lhe entregue a escritura do im\u00f3vel. Paulino comunica a Ramiro que n\u00e3o poder\u00e1 contar com a produ\u00e7\u00e3o de ma\u00e7\u00e3 para seu novo neg\u00f3cio. Juliano discute com Lorena e \u00e9 chantageado por ela. Juliano chega a na casa de Ramiro e ouve sua m\u00e3e dizer a ele que merece a casa por ter sido sua amante durante tantos anos. Furioso, Juliano tenta matar Ramiro.  <\/p>\n<p>(*) edi\u00e7\u00e3o das novelas do SBT, \u201cMeu Pecado\u201d, sujeito a altera\u00e7\u00e3o de data e conte\u00fado.<\/p>\n<p>Sinopse \u201cMeu Pecado\u201d: Com o passar dos anos, Lucr\u00e9cia (Maite Perroni) e Juliano (Eugenio Siller) se reencontram e seu amor renasce. Lucr\u00e9cia n\u00e3o volta sozinha, vem acompanhada de sua prima Renata (Jessica Coch), que assassinou a diretora do internato em que ela e Lucr\u00e9cia estudavam. Paulino sofre uma crise econ\u00f4mica e Ramiro exige casar com sua filha Lucr\u00e9cia. Mas Carmelo se imp\u00f5e contra o casamento, e o assassina a tiros.<\/p>\n<p>Juliano \u00e9 acusado injustamente por este crime e com isso Lucr\u00e9cia se v\u00ea obrigada a casar-se com Carmelo para evitar a ru\u00edna de seu pai e que Juliano fosse acusado injustamente. Juliano vai embora do povoado, convencido de que Lucr\u00e9cia o traiu. Um tempo depois, Carmelo fica sabendo que Juliano voltou e se inicia a guerra entre os dois pelo amor de Lucr\u00e9cia. No final, Lucr\u00e9cia descobre o porque da rejei\u00e7\u00e3o misteriosa da sua m\u00e3e.<\/p>\n","protected":false},"excerpt":{"rendered":"<p>Resumo da novela \u201cMeu Pecado\u201d em 05\/09: no cap\u00edtulo 027(*) da novela, Rita incentiva um grupo de moradores, v\u00e3o at\u00e9 a casa do padre, jogam pedras e gritam que Branca \u00e9 uma descarada. Assustada, Branca se esconde. Do lado de for, as pessoas indignadas, atiram uma tocha contra a casa do padre, que se incendeia. [&hellip;]<\/p>\n","protected":false},"author":4,"featured_media":235438,"comment_status":"closed","ping_status":"closed","sticky":false,"template":"","format":"standard","meta":{"tdm_status":"","tdm_grid_status":"","footnotes":""},"categories":[2313,379,2025,372,343],"tags":[441],"class_list":{"0":"post-236744","1":"post","2":"type-post","3":"status-publish","4":"format-standard","5":"has-post-thumbnail","7":"category-meu-pecado","8":"category-novelas","9":"category-resumo","10":"category-sbt","11":"category-televisao","12":"tag-resumo-do-dia"},"_links":{"self":[{"href":"https:\/\/migracao.redenoticia.com.br\/noticia\/wp-json\/wp\/v2\/posts\/236744","targetHints":{"allow":["GET"]}}],"collection":[{"href":"https:\/\/migracao.redenoticia.com.br\/noticia\/wp-json\/wp\/v2\/posts"}],"about":[{"href":"https:\/\/migracao.redenoticia.com.br\/noticia\/wp-json\/wp\/v2\/types\/post"}],"author":[{"embeddable":true,"href":"https:\/\/migracao.redenoticia.com.br\/noticia\/wp-json\/wp\/v2\/users\/4"}],"replies":[{"embeddable":true,"href":"https:\/\/migracao.redenoticia.com.br\/noticia\/wp-json\/wp\/v2\/comments?post=236744"}],"version-history":[{"count":0,"href":"https:\/\/migracao.redenoticia.com.br\/noticia\/wp-json\/wp\/v2\/posts\/236744\/revisions"}],"wp:featuredmedia":[{"embeddable":true,"href":"https:\/\/migracao.redenoticia.com.br\/noticia\/wp-json\/wp\/v2\/media\/235438"}],"wp:attachment":[{"href":"https:\/\/migracao.redenoticia.com.br\/noticia\/wp-json\/wp\/v2\/media?parent=236744"}],"wp:term":[{"taxonomy":"category","embeddable":true,"href":"https:\/\/migracao.redenoticia.com.br\/noticia\/wp-json\/wp\/v2\/categories?post=236744"},{"taxonomy":"post_tag","embeddable":true,"href":"https:\/\/migracao.redenoticia.com.br\/noticia\/wp-json\/wp\/v2\/tags?post=236744"}],"curies":[{"name":"wp","href":"https:\/\/api.w.org\/{rel}","templated":true}]}}