{"id":236750,"date":"2023-09-04T14:02:31","date_gmt":"2023-09-04T17:02:31","guid":{"rendered":"https:\/\/www.redenoticia.com.br\/noticia\/?p=236750"},"modified":"2023-09-18T21:05:29","modified_gmt":"2023-09-19T00:05:29","slug":"resumo-iludida-05-09-derin-corta-o-braco-no-vidro-do-banheiro","status":"publish","type":"post","link":"https:\/\/migracao.redenoticia.com.br\/noticia\/2023\/resumo-iludida-05-09-derin-corta-o-braco-no-vidro-do-banheiro\/236750","title":{"rendered":"Resumo \u201cIludida\u201d 05\/09: Derin corta o bra\u00e7o no vidro do banheiro"},"content":{"rendered":"<p><img loading=\"lazy\" decoding=\"async\" class=\"aligncenter size-full wp-image-235992\" src=\"https:\/\/migracao.redenoticia.com.br\/noticia\/imagens\/novela-iludida-logo-resumo-canal-tnt.jpg\" alt=\"\" width=\"1280\" height=\"720\" srcset=\"https:\/\/migracao.redenoticia.com.br\/noticia\/imagens\/novela-iludida-logo-resumo-canal-tnt.jpg 1280w, https:\/\/migracao.redenoticia.com.br\/noticia\/imagens\/novela-iludida-logo-resumo-canal-tnt-250x140.jpg 250w, https:\/\/migracao.redenoticia.com.br\/noticia\/imagens\/novela-iludida-logo-resumo-canal-tnt-400x225.jpg 400w, https:\/\/migracao.redenoticia.com.br\/noticia\/imagens\/novela-iludida-logo-resumo-canal-tnt-768x432.jpg 768w, https:\/\/migracao.redenoticia.com.br\/noticia\/imagens\/novela-iludida-logo-resumo-canal-tnt-150x84.jpg 150w\" sizes=\"auto, (max-width: 1280px) 100vw, 1280px\" \/><\/p>\n<p><strong><em>Resumo da novela \u201cIludida\u201d<\/em><\/strong> em 05\/09: no cap\u00edtulo 052(*) da novela, um pacote enviado para Volkan chega \u00e0 loja de Derin. Quando Derin abre o pacote, ela v\u00ea a foto de Asya na galeria de Sinan. Ele tira a foto, vai at\u00e9 Volkan e faz uma cena. No entanto, Volkan tamb\u00e9m n\u00e3o sabe. Enquanto Volkan mostra a imagem para a \u00c1sia, Sinan tamb\u00e9m vem. Volkan conversa com Asya e Sinan, Ali os v\u00ea. Volkan diz a Bahar que quer estar com Asya novamente. Ent\u00e3o, Faruk, o novo vizinho, vai at\u00e9 sua porta. Ele veio pedir os pratos da esposa. Volkan v\u00ea o homem e tenta entender. Derin coloca uma c\u00e2mera na rua e observa. A presen\u00e7a constante de Volkan na casa de Asya perturba a mulher, mas quando ela chega em casa ela trata o marido como se nada tivesse acontecido. Ent\u00e3o ela vai ao banheiro. Ela cai e corta o bra\u00e7o. H\u00e1 sangue por toda parte. No dia seguinte, Derin diz a Turgay que quer conversar sobre Volkan e Asya. <\/p>\n<p>Sabah liga para o advogado de Haluk e diz que Sel\u00e7uk entrou com um processo de paternidade. Isso faz com que ele lute com G\u00f6n\u00fcl. Selcuk vai para a casa de Nil \u00e0 noite. Asya e Nil tamb\u00e9m querem que ele passe mais tempo com a m\u00e3e. Na verdade, Selcuk vai at\u00e9 sua m\u00e3e pela manh\u00e3 e lhe d\u00e1 um novo telefone e uma linha. Ele tamb\u00e9m comprou uma casa para sua m\u00e3e. Ele pede que ela n\u00e3o se comunique com ningu\u00e9m por este telefone e que administre um pouco o dinheiro que tem: &#8220;Sei que voc\u00ea est\u00e1 doente e quero que viva o tempo que lhe resta com algum conforto&#8221;. Selcuk est\u00e1 planejando algo.<\/p>\n<p>(*) edi\u00e7\u00e3o das novelas da TNT\/HBO, \u201cIludida\u201d, sujeito a altera\u00e7\u00e3o de data e conte\u00fado.<\/p>\n<p>Sinopse &#8220;Iludida&#8221;: Com apenas 37 anos, Asya \u00e9 vice-diretora e m\u00e9dica em um hospital da cidade de Tekirdag. Al\u00e9m de ter uma carreira profissional de sucesso, leva uma vida tranquila com o seu marido Volkan e seu filho Ali. Ela parece ter tudo: um trabalho perfeito, uma casa linda e uma fam\u00edlia feliz. Asya se sente a mulher mais sortuda do mundo, o que mais ela poderia pedir? Tudo na sua vida parecia ser cor-de-rosa, at\u00e9 que ela descobre um cabelo loiro no cachecol do seu marido, o que a transforma em uma pessoa obsessiva e incapaz de confiar nas pessoas ao seu redor. Por\u00e9m, ela n\u00e3o se engana em desconfiar deles: aos poucos, Asya descobre uma rede de mentiras que a leva a perceber que a sua vida n\u00e3o era t\u00e3o perfeita como ela pensava.<\/p>\n","protected":false},"excerpt":{"rendered":"<p>Resumo da novela \u201cIludida\u201d em 05\/09: no cap\u00edtulo 052(*) da novela, um pacote enviado para Volkan chega \u00e0 loja de Derin. Quando Derin abre o pacote, ela v\u00ea a foto de Asya na galeria de Sinan. Ele tira a foto, vai at\u00e9 Volkan e faz uma cena. No entanto, Volkan tamb\u00e9m n\u00e3o sabe. Enquanto Volkan [&hellip;]<\/p>\n","protected":false},"author":4,"featured_media":235991,"comment_status":"closed","ping_status":"closed","sticky":false,"template":"","format":"standard","meta":{"tdm_status":"","tdm_grid_status":"","footnotes":""},"categories":[2317,379,2025,343,2315],"tags":[441],"class_list":{"0":"post-236750","1":"post","2":"type-post","3":"status-publish","4":"format-standard","5":"has-post-thumbnail","7":"category-iludida","8":"category-novelas","9":"category-resumo","10":"category-televisao","11":"category-tnt","12":"tag-resumo-do-dia"},"_links":{"self":[{"href":"https:\/\/migracao.redenoticia.com.br\/noticia\/wp-json\/wp\/v2\/posts\/236750","targetHints":{"allow":["GET"]}}],"collection":[{"href":"https:\/\/migracao.redenoticia.com.br\/noticia\/wp-json\/wp\/v2\/posts"}],"about":[{"href":"https:\/\/migracao.redenoticia.com.br\/noticia\/wp-json\/wp\/v2\/types\/post"}],"author":[{"embeddable":true,"href":"https:\/\/migracao.redenoticia.com.br\/noticia\/wp-json\/wp\/v2\/users\/4"}],"replies":[{"embeddable":true,"href":"https:\/\/migracao.redenoticia.com.br\/noticia\/wp-json\/wp\/v2\/comments?post=236750"}],"version-history":[{"count":0,"href":"https:\/\/migracao.redenoticia.com.br\/noticia\/wp-json\/wp\/v2\/posts\/236750\/revisions"}],"wp:featuredmedia":[{"embeddable":true,"href":"https:\/\/migracao.redenoticia.com.br\/noticia\/wp-json\/wp\/v2\/media\/235991"}],"wp:attachment":[{"href":"https:\/\/migracao.redenoticia.com.br\/noticia\/wp-json\/wp\/v2\/media?parent=236750"}],"wp:term":[{"taxonomy":"category","embeddable":true,"href":"https:\/\/migracao.redenoticia.com.br\/noticia\/wp-json\/wp\/v2\/categories?post=236750"},{"taxonomy":"post_tag","embeddable":true,"href":"https:\/\/migracao.redenoticia.com.br\/noticia\/wp-json\/wp\/v2\/tags?post=236750"}],"curies":[{"name":"wp","href":"https:\/\/api.w.org\/{rel}","templated":true}]}}