{"id":236819,"date":"2023-09-06T18:15:36","date_gmt":"2023-09-06T21:15:36","guid":{"rendered":"https:\/\/www.redenoticia.com.br\/noticia\/?p=236819"},"modified":"2023-09-06T18:15:36","modified_gmt":"2023-09-06T21:15:36","slug":"resumo-a-infancia-de-romeu-e-julieta-07-09-julieta-deseja-confrontar-romeu","status":"publish","type":"post","link":"https:\/\/migracao.redenoticia.com.br\/noticia\/2023\/resumo-a-infancia-de-romeu-e-julieta-07-09-julieta-deseja-confrontar-romeu\/236819","title":{"rendered":"Resumo \u201cA Inf\u00e2ncia de Romeu e Julieta\u201d 07\/09: Julieta deseja confrontar Romeu"},"content":{"rendered":"<p> <img loading=\"lazy\" decoding=\"async\" src=\"https:\/\/migracao.redenoticia.com.br\/noticia\/imagens\/novela-romeu-e-julieta-sbt-elenco-resumo.jpg\" alt=\"\" width=\"1280\" height=\"720\" class=\"aligncenter size-full wp-image-232242\" srcset=\"https:\/\/migracao.redenoticia.com.br\/noticia\/imagens\/novela-romeu-e-julieta-sbt-elenco-resumo.jpg 1280w, https:\/\/migracao.redenoticia.com.br\/noticia\/imagens\/novela-romeu-e-julieta-sbt-elenco-resumo-250x140.jpg 250w, https:\/\/migracao.redenoticia.com.br\/noticia\/imagens\/novela-romeu-e-julieta-sbt-elenco-resumo-400x225.jpg 400w, https:\/\/migracao.redenoticia.com.br\/noticia\/imagens\/novela-romeu-e-julieta-sbt-elenco-resumo-768x432.jpg 768w, https:\/\/migracao.redenoticia.com.br\/noticia\/imagens\/novela-romeu-e-julieta-sbt-elenco-resumo-150x84.jpg 150w\" sizes=\"auto, (max-width: 1280px) 100vw, 1280px\" \/><\/p>\n<p><strong><em>Resumo da novela \u201cA Inf\u00e2ncia de Romeu e Julieta\u201d<\/em><\/strong> em 07\/09: no cap\u00edtulo 089(*) da novela, L\u00edvia aceita brincar com o Lado Torre. L\u00edvia esquece o celular em casa, Julieta liga para a amiga e Ellen atende, revelando que a irm\u00e3 foi at\u00e9 o apartamento do Alex. Nos arquivos de H\u00e9lio, Julieta encontra uma foto dela beb\u00ea, supostamente com Romeu. No final da partida, Alex comenta com L\u00edvia que a deseja no Lado Torre. <\/p>\n<p>Mariana conta para Julieta a hist\u00f3ria por tr\u00e1s da foto: A fotografia foi tirada quando Romeu estava na casa de Mariana; foi a primeira vez que Romeu e Julieta se viram. No passado, Vera deixou Romeu na casa da Mariana algumas vezes para cuidar do filho. A gangue Pedalzera segue Ellen, Ian, Dimitri e Nath para descobrir mais sobre o MDI (Mundo da Imagina\u00e7\u00e3o). Glaucia diz para Vera recontratar Vitor, j\u00e1 que ter um Campos por perto pode ser bom. <\/p>\n<p>Daniel fala para Bass\u00e2nio convidar P\u00f3rcia para sair e P\u00f3rcia aceita ir ao cinema com o amigo. Ellen, Ian, Dimitri e Nath percebem que est\u00e3o sendo seguidos pela gangue Pedalzera. Nando pede dinheiro para Fred, dizendo que vai comprar ingressos para um evento e chamar uma amiga para sair. Leandro questiona Enzo sobre a ida dele ao CEC. Julieta comenta com L\u00edvia que a foto dela ao lado de Romeu no passado comprova que Mariana era inocente e Vera confiava na m\u00e3e. Julieta diz que deseja confrontar Romeu com a foto.<\/p>\n<p>(*) edi\u00e7\u00e3o das novelas do SBT, \u201cA Inf\u00e2ncia de Romeu e Julieta\u201d, sujeito a altera\u00e7\u00e3o de data e conte\u00fado.<\/p>\n<p>Sinopse \u201cA Inf\u00e2ncia de Romeu e Julieta\u201d: A Trama se passa no bairro chamado castanheiras, em que duas fam\u00edlias com propostas diferentes para esse bairro vivem em disc\u00f3rdia, sendo divididas entre os lados Torre (Campos) e Vila (Monteiro).[6] Entretanto, Romeu (Miguel \u00c2ngelo) e Julieta (Vitt\u00f3ria Seixas) se conhecem, da\u00ed em diante, as fam\u00edlias rivais t\u00eam uma nova oportunidade de trazer paz e uni\u00e3o entre o conv\u00edvio deles. <\/p>\n<p>Romeu e Julieta n\u00e3o sabem como v\u00e3o fazer para ficarem juntos. A not\u00edcia do romance chega \u00e0s fam\u00edlias, que n\u00e3o gostam nada da hist\u00f3ria e tratam de afasta-los imediatamente, aprontando v\u00e1rias situa\u00e7\u00f5es. Romeu e Julieta querem acabar com essa hostilidade e tentam ir atr\u00e1s de uma solu\u00e7\u00e3o, mas ao descobrirem mais sobre a hist\u00f3ria de seus pais, percebem que pode ser imposs\u00edvel.<\/p>\n","protected":false},"excerpt":{"rendered":"<p>Resumo da novela \u201cA Inf\u00e2ncia de Romeu e Julieta\u201d em 07\/09: no cap\u00edtulo 089(*) da novela, L\u00edvia aceita brincar com o Lado Torre. L\u00edvia esquece o celular em casa, Julieta liga para a amiga e Ellen atende, revelando que a irm\u00e3 foi at\u00e9 o apartamento do Alex. Nos arquivos de H\u00e9lio, Julieta encontra uma foto [&hellip;]<\/p>\n","protected":false},"author":3,"featured_media":232241,"comment_status":"closed","ping_status":"closed","sticky":false,"template":"","format":"standard","meta":{"tdm_status":"","tdm_grid_status":"","footnotes":""},"categories":[2306,379,2025,372,343],"tags":[441],"class_list":{"0":"post-236819","1":"post","2":"type-post","3":"status-publish","4":"format-standard","5":"has-post-thumbnail","7":"category-novela-romeu-e-julieta","8":"category-novelas","9":"category-resumo","10":"category-sbt","11":"category-televisao","12":"tag-resumo-do-dia"},"_links":{"self":[{"href":"https:\/\/migracao.redenoticia.com.br\/noticia\/wp-json\/wp\/v2\/posts\/236819","targetHints":{"allow":["GET"]}}],"collection":[{"href":"https:\/\/migracao.redenoticia.com.br\/noticia\/wp-json\/wp\/v2\/posts"}],"about":[{"href":"https:\/\/migracao.redenoticia.com.br\/noticia\/wp-json\/wp\/v2\/types\/post"}],"author":[{"embeddable":true,"href":"https:\/\/migracao.redenoticia.com.br\/noticia\/wp-json\/wp\/v2\/users\/3"}],"replies":[{"embeddable":true,"href":"https:\/\/migracao.redenoticia.com.br\/noticia\/wp-json\/wp\/v2\/comments?post=236819"}],"version-history":[{"count":0,"href":"https:\/\/migracao.redenoticia.com.br\/noticia\/wp-json\/wp\/v2\/posts\/236819\/revisions"}],"wp:featuredmedia":[{"embeddable":true,"href":"https:\/\/migracao.redenoticia.com.br\/noticia\/wp-json\/wp\/v2\/media\/232241"}],"wp:attachment":[{"href":"https:\/\/migracao.redenoticia.com.br\/noticia\/wp-json\/wp\/v2\/media?parent=236819"}],"wp:term":[{"taxonomy":"category","embeddable":true,"href":"https:\/\/migracao.redenoticia.com.br\/noticia\/wp-json\/wp\/v2\/categories?post=236819"},{"taxonomy":"post_tag","embeddable":true,"href":"https:\/\/migracao.redenoticia.com.br\/noticia\/wp-json\/wp\/v2\/tags?post=236819"}],"curies":[{"name":"wp","href":"https:\/\/api.w.org\/{rel}","templated":true}]}}