{"id":236829,"date":"2023-09-06T18:24:51","date_gmt":"2023-09-06T21:24:51","guid":{"rendered":"https:\/\/www.redenoticia.com.br\/noticia\/?p=236829"},"modified":"2023-09-06T18:24:51","modified_gmt":"2023-09-06T21:24:51","slug":"resumo-mulheres-apaixonadas-07-09-fred-enfia-o-canivete-na-mao-de-marcos","status":"publish","type":"post","link":"https:\/\/migracao.redenoticia.com.br\/noticia\/2023\/resumo-mulheres-apaixonadas-07-09-fred-enfia-o-canivete-na-mao-de-marcos\/236829","title":{"rendered":"Resumo &#8220;Mulheres Apaixonadas&#8221; 07\/09: Fred enfia o canivete na m\u00e3o de Marcos"},"content":{"rendered":"<p> <img loading=\"lazy\" decoding=\"async\" src=\"https:\/\/migracao.redenoticia.com.br\/noticia\/imagens\/mulheres-apaixonadas-resumo-vale-a-pena-ver-de-novo.jpg\" alt=\"\" width=\"1280\" height=\"720\" class=\"aligncenter size-full wp-image-233044\" srcset=\"https:\/\/migracao.redenoticia.com.br\/noticia\/imagens\/mulheres-apaixonadas-resumo-vale-a-pena-ver-de-novo.jpg 1280w, https:\/\/migracao.redenoticia.com.br\/noticia\/imagens\/mulheres-apaixonadas-resumo-vale-a-pena-ver-de-novo-250x140.jpg 250w, https:\/\/migracao.redenoticia.com.br\/noticia\/imagens\/mulheres-apaixonadas-resumo-vale-a-pena-ver-de-novo-400x225.jpg 400w, https:\/\/migracao.redenoticia.com.br\/noticia\/imagens\/mulheres-apaixonadas-resumo-vale-a-pena-ver-de-novo-768x432.jpg 768w, https:\/\/migracao.redenoticia.com.br\/noticia\/imagens\/mulheres-apaixonadas-resumo-vale-a-pena-ver-de-novo-150x84.jpg 150w\" sizes=\"auto, (max-width: 1280px) 100vw, 1280px\" \/><\/p>\n<p><em><strong>Resumo da novela &#8220;Mulheres Apaixonadas&#8221;<\/strong><\/em> em 07\/09: no cap\u00edtulo 074(*) da novela, Edwiges e Cl\u00e1udio caminham um para o outro na praia. Marcos bate em Fred, que puxa o canivete. Fred enfia o canivete na m\u00e3o de Marcos e avisa que nunca mais ele vai encostar nele ou em Raquel, pois vai denunci\u00e1-lo. Lorena, Rosinha e Helena combinam com Rodrigo apresentar uma pe\u00e7a na festa de encerramento de ano da escola. Salete passeia pelo hotel, mas Fernanda manda que ela volte para o quarto de T\u00e9o. Gracinha avisa Celeste que sua menstrua\u00e7\u00e3o est\u00e1 atrasada. <\/p>\n<p>Marta quase surpreende a conversa. Lorena se preocupa porque a escola fechou no vermelho. Lobato reage quando Santana insiste que n\u00e3o est\u00e1 em condi\u00e7\u00f5es de dar aula e Adelaide a obriga a assumir a sua turma. Santana n\u00e3o consegue dar a aula e chora na frente dos alunos. Paulinha ironiza o estado da professora e acaba levando uma bofetada de Clara. Yvone se assusta ao ver o estado da m\u00e3o de Marcos, que se irrita com ela. Adelaide tenta impedir, mas Santana manda que ela invente uma desculpa e vai para casa. Marcos mente que foi um assalto e que matar\u00e1 o rapaz se peg\u00e1-lo. Yvone registra a informa\u00e7\u00e3o, depois v\u00ea o logotipo da escola na toalha. Marcinha recrimina a atitude de Paulinha. Vidinha aconselha Edwiges a n\u00e3o ser t\u00e3o dura com Cl\u00e1udio. Santana p\u00e1ra no botequim e vira alguns conhaques. Marcos conta vantagens para C\u00e9sar, que manda Tereza atend\u00ea-lo.  <\/p>\n<p>(*) edi\u00e7\u00e3o das novelas da Globo, &#8220;Mulheres Apaixonadas&#8221;, sujeito a altera\u00e7\u00e3o de data e conte\u00fado.<\/p>\n<p>Sinopse &#8220;Mulheres Apaixonadas&#8221;: Helena vive um casamento com T\u00e9o e passa a se questionar se \u00e9 feliz. Helena tem duas irm\u00e3s, Hilda e Helo\u00edsa, tamb\u00e9m casadas. Hilda \u00e9 casada com Leandro e Helo\u00edsa \u00e9 casada com S\u00e9rgio, por quem nutre um ci\u00fame doentio. Grandes amigas, as tr\u00eas irm\u00e3s compartilham suas ang\u00fastias e incertezas sobre o futuro e a felicidade. <\/p>\n<p>Helena desconfia de um caso de T\u00e9o com Fernanda, uma ex-garota de programa. Deste relacionamento nasceu Lucas, filho adotivo do casal, fato que Helena desconhece mas que acaba por descobrir depois da morte de Fernanda. Helena reencontra C\u00e9sar, um antigo namorado. C\u00e9sar, que ficou vi\u00favo, est\u00e1 morando na mesma cidade. C\u00e9sar se ressentiu pelo abandono que sofreu por Helena e tornou-se um homem rude.<\/p>\n","protected":false},"excerpt":{"rendered":"<p>Resumo da novela &#8220;Mulheres Apaixonadas&#8221; em 07\/09: no cap\u00edtulo 074(*) da novela, Edwiges e Cl\u00e1udio caminham um para o outro na praia. Marcos bate em Fred, que puxa o canivete. Fred enfia o canivete na m\u00e3o de Marcos e avisa que nunca mais ele vai encostar nele ou em Raquel, pois vai denunci\u00e1-lo. Lorena, Rosinha [&hellip;]<\/p>\n","protected":false},"author":5,"featured_media":233056,"comment_status":"closed","ping_status":"closed","sticky":false,"template":"","format":"standard","meta":{"tdm_status":"","tdm_grid_status":"","footnotes":""},"categories":[2307,379,375,2025,343],"tags":[441],"class_list":{"0":"post-236829","1":"post","2":"type-post","3":"status-publish","4":"format-standard","5":"has-post-thumbnail","7":"category-mulheres-apaixonadas","8":"category-novelas","9":"category-rede-globo","10":"category-resumo","11":"category-televisao","12":"tag-resumo-do-dia"},"_links":{"self":[{"href":"https:\/\/migracao.redenoticia.com.br\/noticia\/wp-json\/wp\/v2\/posts\/236829","targetHints":{"allow":["GET"]}}],"collection":[{"href":"https:\/\/migracao.redenoticia.com.br\/noticia\/wp-json\/wp\/v2\/posts"}],"about":[{"href":"https:\/\/migracao.redenoticia.com.br\/noticia\/wp-json\/wp\/v2\/types\/post"}],"author":[{"embeddable":true,"href":"https:\/\/migracao.redenoticia.com.br\/noticia\/wp-json\/wp\/v2\/users\/5"}],"replies":[{"embeddable":true,"href":"https:\/\/migracao.redenoticia.com.br\/noticia\/wp-json\/wp\/v2\/comments?post=236829"}],"version-history":[{"count":0,"href":"https:\/\/migracao.redenoticia.com.br\/noticia\/wp-json\/wp\/v2\/posts\/236829\/revisions"}],"wp:featuredmedia":[{"embeddable":true,"href":"https:\/\/migracao.redenoticia.com.br\/noticia\/wp-json\/wp\/v2\/media\/233056"}],"wp:attachment":[{"href":"https:\/\/migracao.redenoticia.com.br\/noticia\/wp-json\/wp\/v2\/media?parent=236829"}],"wp:term":[{"taxonomy":"category","embeddable":true,"href":"https:\/\/migracao.redenoticia.com.br\/noticia\/wp-json\/wp\/v2\/categories?post=236829"},{"taxonomy":"post_tag","embeddable":true,"href":"https:\/\/migracao.redenoticia.com.br\/noticia\/wp-json\/wp\/v2\/tags?post=236829"}],"curies":[{"name":"wp","href":"https:\/\/api.w.org\/{rel}","templated":true}]}}