{"id":236831,"date":"2023-09-06T18:25:59","date_gmt":"2023-09-06T21:25:59","guid":{"rendered":"https:\/\/www.redenoticia.com.br\/noticia\/?p=236831"},"modified":"2023-09-06T18:25:59","modified_gmt":"2023-09-06T21:25:59","slug":"resumo-fuzue-07-09-miguel-salva-luna-e-preciosa","status":"publish","type":"post","link":"https:\/\/migracao.redenoticia.com.br\/noticia\/2023\/resumo-fuzue-07-09-miguel-salva-luna-e-preciosa\/236831","title":{"rendered":"Resumo \u201cFuzu\u00ea\u201d 07\/09: Miguel salva Luna e Preciosa"},"content":{"rendered":"<p> <img loading=\"lazy\" decoding=\"async\" src=\"https:\/\/migracao.redenoticia.com.br\/noticia\/imagens\/fuzue-novela-resumo-elenco-globo.jpg\" alt=\"\" width=\"1280\" height=\"720\" class=\"aligncenter size-full wp-image-235541\" srcset=\"https:\/\/migracao.redenoticia.com.br\/noticia\/imagens\/fuzue-novela-resumo-elenco-globo.jpg 1280w, https:\/\/migracao.redenoticia.com.br\/noticia\/imagens\/fuzue-novela-resumo-elenco-globo-250x140.jpg 250w, https:\/\/migracao.redenoticia.com.br\/noticia\/imagens\/fuzue-novela-resumo-elenco-globo-400x225.jpg 400w, https:\/\/migracao.redenoticia.com.br\/noticia\/imagens\/fuzue-novela-resumo-elenco-globo-768x432.jpg 768w, https:\/\/migracao.redenoticia.com.br\/noticia\/imagens\/fuzue-novela-resumo-elenco-globo-150x84.jpg 150w\" sizes=\"auto, (max-width: 1280px) 100vw, 1280px\" \/> <\/p>\n<p><strong><em>Resumo da novela \u201cFuzu\u00ea\u201d<\/em><\/strong> em 07\/09: no cap\u00edtulo 022(*) da novela, Luna fala com Preciosa sobre a chave de lua. Pascoal avisa a Heitor que eles est\u00e3o sendo seguidos, e o deputado se desespera. Miguel mostra para Cl\u00e1udio o desenho que Cata Ouro fez das chaves de sol e de lua. Preciosa diz a Luna que a chave de lua pertence a sua fam\u00edlia. Francisco questiona Ol\u00edvia sobre sua sociedade com Rui. Jefinho encontra Miguel e Cl\u00e1udio fantasiados. <\/p>\n<p>Preciosa agradece Luna pela ajuda. Soraya, Edgar, Bart\u00f4 e Lampi\u00e3o reagem apavorados com o show de Rejane. Miguel descobre que Merreca est\u00e1 com Luna e Preciosa e salva as duas. Pascoal negocia com Merreca. Jefinho, Cl\u00e1udio, Miguel, Luna e Preciosa fogem do comparsa de Merreca. Luna v\u00ea Cata Ouro na rua e pede para Jefinho parar o carro.<\/p>\n<p>(*) edi\u00e7\u00e3o das novelas da Globo, \u201cFuzu\u00ea\u201d, sujeito a altera\u00e7\u00e3o de data e conte\u00fado.<\/p>\n<p>Sinopse \u201cFuzu\u00ea\u201d: Luna (Giovana Cordeiro) \u00e9 uma jovem carism\u00e1tica e batalhadora que se empenha em procurar sua m\u00e3e, Maria Navalha (Ol\u00edvia Ara\u00fajo), vista pela \u00faltima vez na loja Fuzu\u00ea. Durante a investiga\u00e7\u00e3o, Luna se apaixona pelo advogado Miguel (Nicolas Prattes), um dos filhos do empres\u00e1rio e ex-feirante Nero (Edson Celulari), dono da \u201cFuzu\u00ea\u201d. Miguel disputa o amor de Luna com Jefinho Sem Vergonha (Micael Borges), um motorista de aplicativo. Luna tem como sua melhor amiga Soraya Terremoto (Heslaine Vieira), dan\u00e7arina do Beco do Gamb\u00e1, que vive uma rela\u00e7\u00e3o calorosa com Francisco (Michel Joelsas), um dos herdeiros da Fuzu\u00ea, e rejeita as investidas de Merreca (Ruan Aguiar).<\/p>\n<p>Enquanto isso, a gananciosa Preciosa Montebello (Marina Ruy Barbosa), uma poderosa empres\u00e1ria, casada com o corrupto pol\u00edtico Heitor (Felipe Simas), recebe como heran\u00e7a do pai, C\u00e9sar (Leopoldo Pacheco), documentos que indicam a localiza\u00e7\u00e3o de uma fortuna escondida nos terrenos da Fuzu\u00ea. Em meio \u00e0 papelada descobre a exist\u00eancia de uma meia-irm\u00e3, Luna, com quem ela deve dividir o seu patrim\u00f4nio. Preciosa faz o poss\u00edvel para comprar e demolir a loja \u201cFuzu\u00ea\u201d.<\/p>\n","protected":false},"excerpt":{"rendered":"<p>Resumo da novela \u201cFuzu\u00ea\u201d em 07\/09: no cap\u00edtulo 022(*) da novela, Luna fala com Preciosa sobre a chave de lua. Pascoal avisa a Heitor que eles est\u00e3o sendo seguidos, e o deputado se desespera. Miguel mostra para Cl\u00e1udio o desenho que Cata Ouro fez das chaves de sol e de lua. Preciosa diz a Luna [&hellip;]<\/p>\n","protected":false},"author":3,"featured_media":235540,"comment_status":"closed","ping_status":"closed","sticky":false,"template":"","format":"standard","meta":{"tdm_status":"","tdm_grid_status":"","footnotes":""},"categories":[2314,379,375,2025,343],"tags":[441],"class_list":{"0":"post-236831","1":"post","2":"type-post","3":"status-publish","4":"format-standard","5":"has-post-thumbnail","7":"category-fuzue","8":"category-novelas","9":"category-rede-globo","10":"category-resumo","11":"category-televisao","12":"tag-resumo-do-dia"},"_links":{"self":[{"href":"https:\/\/migracao.redenoticia.com.br\/noticia\/wp-json\/wp\/v2\/posts\/236831","targetHints":{"allow":["GET"]}}],"collection":[{"href":"https:\/\/migracao.redenoticia.com.br\/noticia\/wp-json\/wp\/v2\/posts"}],"about":[{"href":"https:\/\/migracao.redenoticia.com.br\/noticia\/wp-json\/wp\/v2\/types\/post"}],"author":[{"embeddable":true,"href":"https:\/\/migracao.redenoticia.com.br\/noticia\/wp-json\/wp\/v2\/users\/3"}],"replies":[{"embeddable":true,"href":"https:\/\/migracao.redenoticia.com.br\/noticia\/wp-json\/wp\/v2\/comments?post=236831"}],"version-history":[{"count":0,"href":"https:\/\/migracao.redenoticia.com.br\/noticia\/wp-json\/wp\/v2\/posts\/236831\/revisions"}],"wp:featuredmedia":[{"embeddable":true,"href":"https:\/\/migracao.redenoticia.com.br\/noticia\/wp-json\/wp\/v2\/media\/235540"}],"wp:attachment":[{"href":"https:\/\/migracao.redenoticia.com.br\/noticia\/wp-json\/wp\/v2\/media?parent=236831"}],"wp:term":[{"taxonomy":"category","embeddable":true,"href":"https:\/\/migracao.redenoticia.com.br\/noticia\/wp-json\/wp\/v2\/categories?post=236831"},{"taxonomy":"post_tag","embeddable":true,"href":"https:\/\/migracao.redenoticia.com.br\/noticia\/wp-json\/wp\/v2\/tags?post=236831"}],"curies":[{"name":"wp","href":"https:\/\/api.w.org\/{rel}","templated":true}]}}