{"id":236864,"date":"2023-09-07T19:00:59","date_gmt":"2023-09-07T22:00:59","guid":{"rendered":"https:\/\/www.redenoticia.com.br\/noticia\/?p=236864"},"modified":"2023-09-07T19:00:59","modified_gmt":"2023-09-07T22:00:59","slug":"resumo-a-infancia-de-romeu-e-julieta-08-09-nando-entrega-flores-a-rosalina","status":"publish","type":"post","link":"https:\/\/migracao.redenoticia.com.br\/noticia\/2023\/resumo-a-infancia-de-romeu-e-julieta-08-09-nando-entrega-flores-a-rosalina\/236864","title":{"rendered":"Resumo \u201cA Inf\u00e2ncia de Romeu e Julieta\u201d 08\/09: Nando entrega flores a Rosalina"},"content":{"rendered":"<p> <img loading=\"lazy\" decoding=\"async\" src=\"https:\/\/migracao.redenoticia.com.br\/noticia\/imagens\/novela-romeu-e-julieta-sbt-elenco-resumo.jpg\" alt=\"\" width=\"1280\" height=\"720\" class=\"aligncenter size-full wp-image-232242\" srcset=\"https:\/\/migracao.redenoticia.com.br\/noticia\/imagens\/novela-romeu-e-julieta-sbt-elenco-resumo.jpg 1280w, https:\/\/migracao.redenoticia.com.br\/noticia\/imagens\/novela-romeu-e-julieta-sbt-elenco-resumo-250x140.jpg 250w, https:\/\/migracao.redenoticia.com.br\/noticia\/imagens\/novela-romeu-e-julieta-sbt-elenco-resumo-400x225.jpg 400w, https:\/\/migracao.redenoticia.com.br\/noticia\/imagens\/novela-romeu-e-julieta-sbt-elenco-resumo-768x432.jpg 768w, https:\/\/migracao.redenoticia.com.br\/noticia\/imagens\/novela-romeu-e-julieta-sbt-elenco-resumo-150x84.jpg 150w\" sizes=\"auto, (max-width: 1280px) 100vw, 1280px\" \/><\/p>\n<p><strong><em>Resumo da novela \u201cA Inf\u00e2ncia de Romeu e Julieta\u201d<\/em><\/strong> em 08\/09: no cap\u00edtulo 090(*) da novela, o escrit\u00f3rio do H\u00e9lio est\u00e1 uma bagun\u00e7a, ele tenta buscar um formul\u00e1rio, Telma oferece ajuda, mas ele se exalta. Ap\u00f3s comprar ingressos, Nando chama Rosalina para o evento de anime e ela nega. Vitor volta a trabalhar no Monter Mercado e d\u00e1 a ideia de trazer um novo conceito ao mercado, evoluindo o card\u00e1pio e o caf\u00e9 do estabelecimento; Vera aprova o projeto. <\/p>\n<p>No CEC, Alex e Karen contam para os membros do Lado Vila que L\u00edvia est\u00e1 mudando de lado. Leandro, Enzo, Vera e Bernardo jogam t\u00eanis na quadra; Fausto avisa Glaucia e Fred que eles n\u00e3o foram chamados para a partida. Mauro convida Mariana para um encontro, porque quer conhec\u00ea-la melhor. Mariana responde que Telma gosta dele al\u00e9m da amizade, mas Mauro revela que n\u00e3o tem afinidade com Telma e sim com Mariana. <\/p>\n<p>Glaucia e Fred aparecem na quadra e falam que Leandro prefere o funcion\u00e1rio, Enzo, do que eles. Ap\u00f3s perceber a pr\u00f3pria desorganiza\u00e7\u00e3o, H\u00e9lio nota que precisa de um novo assistente. Ellen, Ian, Dimitri e Nath pregam uma pe\u00e7a nos membros do Pedalzera por espionagem. Nando entrega flores \u00e0 Rosalina, mas a garota \u00e9 al\u00e9rgica e passa mal.<\/p>\n<p>(*) edi\u00e7\u00e3o das novelas do SBT, \u201cA Inf\u00e2ncia de Romeu e Julieta\u201d, sujeito a altera\u00e7\u00e3o de data e conte\u00fado.<\/p>\n<p>Sinopse \u201cA Inf\u00e2ncia de Romeu e Julieta\u201d: A Trama se passa no bairro chamado castanheiras, em que duas fam\u00edlias com propostas diferentes para esse bairro vivem em disc\u00f3rdia, sendo divididas entre os lados Torre (Campos) e Vila (Monteiro).[6] Entretanto, Romeu (Miguel \u00c2ngelo) e Julieta (Vitt\u00f3ria Seixas) se conhecem, da\u00ed em diante, as fam\u00edlias rivais t\u00eam uma nova oportunidade de trazer paz e uni\u00e3o entre o conv\u00edvio deles. <\/p>\n<p>Romeu e Julieta n\u00e3o sabem como v\u00e3o fazer para ficarem juntos. A not\u00edcia do romance chega \u00e0s fam\u00edlias, que n\u00e3o gostam nada da hist\u00f3ria e tratam de afasta-los imediatamente, aprontando v\u00e1rias situa\u00e7\u00f5es. Romeu e Julieta querem acabar com essa hostilidade e tentam ir atr\u00e1s de uma solu\u00e7\u00e3o, mas ao descobrirem mais sobre a hist\u00f3ria de seus pais, percebem que pode ser imposs\u00edvel.<\/p>\n","protected":false},"excerpt":{"rendered":"<p>Resumo da novela \u201cA Inf\u00e2ncia de Romeu e Julieta\u201d em 08\/09: no cap\u00edtulo 090(*) da novela, o escrit\u00f3rio do H\u00e9lio est\u00e1 uma bagun\u00e7a, ele tenta buscar um formul\u00e1rio, Telma oferece ajuda, mas ele se exalta. Ap\u00f3s comprar ingressos, Nando chama Rosalina para o evento de anime e ela nega. Vitor volta a trabalhar no Monter [&hellip;]<\/p>\n","protected":false},"author":3,"featured_media":232241,"comment_status":"closed","ping_status":"closed","sticky":false,"template":"","format":"standard","meta":{"tdm_status":"","tdm_grid_status":"","footnotes":""},"categories":[2306,379,2025,372,343],"tags":[441],"class_list":{"0":"post-236864","1":"post","2":"type-post","3":"status-publish","4":"format-standard","5":"has-post-thumbnail","7":"category-novela-romeu-e-julieta","8":"category-novelas","9":"category-resumo","10":"category-sbt","11":"category-televisao","12":"tag-resumo-do-dia"},"_links":{"self":[{"href":"https:\/\/migracao.redenoticia.com.br\/noticia\/wp-json\/wp\/v2\/posts\/236864","targetHints":{"allow":["GET"]}}],"collection":[{"href":"https:\/\/migracao.redenoticia.com.br\/noticia\/wp-json\/wp\/v2\/posts"}],"about":[{"href":"https:\/\/migracao.redenoticia.com.br\/noticia\/wp-json\/wp\/v2\/types\/post"}],"author":[{"embeddable":true,"href":"https:\/\/migracao.redenoticia.com.br\/noticia\/wp-json\/wp\/v2\/users\/3"}],"replies":[{"embeddable":true,"href":"https:\/\/migracao.redenoticia.com.br\/noticia\/wp-json\/wp\/v2\/comments?post=236864"}],"version-history":[{"count":0,"href":"https:\/\/migracao.redenoticia.com.br\/noticia\/wp-json\/wp\/v2\/posts\/236864\/revisions"}],"wp:featuredmedia":[{"embeddable":true,"href":"https:\/\/migracao.redenoticia.com.br\/noticia\/wp-json\/wp\/v2\/media\/232241"}],"wp:attachment":[{"href":"https:\/\/migracao.redenoticia.com.br\/noticia\/wp-json\/wp\/v2\/media?parent=236864"}],"wp:term":[{"taxonomy":"category","embeddable":true,"href":"https:\/\/migracao.redenoticia.com.br\/noticia\/wp-json\/wp\/v2\/categories?post=236864"},{"taxonomy":"post_tag","embeddable":true,"href":"https:\/\/migracao.redenoticia.com.br\/noticia\/wp-json\/wp\/v2\/tags?post=236864"}],"curies":[{"name":"wp","href":"https:\/\/api.w.org\/{rel}","templated":true}]}}