{"id":236872,"date":"2023-09-07T19:23:35","date_gmt":"2023-09-07T22:23:35","guid":{"rendered":"https:\/\/www.redenoticia.com.br\/noticia\/?p=236872"},"modified":"2023-09-07T19:23:35","modified_gmt":"2023-09-07T22:23:35","slug":"resumo-mulheres-de-areia-08-09-raquel-conta-aos-pais-que-esta-gravida","status":"publish","type":"post","link":"https:\/\/migracao.redenoticia.com.br\/noticia\/2023\/resumo-mulheres-de-areia-08-09-raquel-conta-aos-pais-que-esta-gravida\/236872","title":{"rendered":"Resumo &#8220;Mulheres de Areia&#8221; 08\/09: Raquel conta aos pais que est\u00e1 gr\u00e1vida"},"content":{"rendered":"<p> <img loading=\"lazy\" decoding=\"async\" src=\"https:\/\/migracao.redenoticia.com.br\/noticia\/imagens\/mulheres-de-areia-resumo-novela-globo.jpg\" alt=\"\" width=\"1280\" height=\"720\" class=\"aligncenter size-full wp-image-233994\" srcset=\"https:\/\/migracao.redenoticia.com.br\/noticia\/imagens\/mulheres-de-areia-resumo-novela-globo.jpg 1280w, https:\/\/migracao.redenoticia.com.br\/noticia\/imagens\/mulheres-de-areia-resumo-novela-globo-250x140.jpg 250w, https:\/\/migracao.redenoticia.com.br\/noticia\/imagens\/mulheres-de-areia-resumo-novela-globo-400x225.jpg 400w, https:\/\/migracao.redenoticia.com.br\/noticia\/imagens\/mulheres-de-areia-resumo-novela-globo-768x432.jpg 768w, https:\/\/migracao.redenoticia.com.br\/noticia\/imagens\/mulheres-de-areia-resumo-novela-globo-150x84.jpg 150w\" sizes=\"auto, (max-width: 1280px) 100vw, 1280px\" \/><\/p>\n<p><em><strong>Resumo da novela &#8220;Mulheres de Areia&#8221;<\/strong><\/em> em 08\/09: no cap\u00edtulo 055(*) da novela, Marcos n\u00e3o acredita em Raquel e pede \u00e0 m\u00e3e que v\u00e1 com ela ao m\u00e9dico. E avisa que, mesmo assim, o div\u00f3rcio ainda est\u00e1 de p\u00e9. C\u00e9sar aconselha Marcos a sair de casa para n\u00e3o ceder aos caprichos de Raquel, mas ele n\u00e3o acha que corre perigo. Chico Belo se humilha para pedir emprego a Donato. Joel beija Malu apaixonadamente. Marcos fica sabendo que o exame de gravidez deu positivo. Raquel conta a Vanderlei que vai se separar e ele volta a repetir que n\u00e3o vai desmanchar o noivado com Andr\u00e9a.<\/p>\n<p>Vanderlei vai embora: \u201cTo em outra e n\u00e3o sobrou lugar para voc\u00ea, Raquel.\u201d. Clarita comenta com Arlete que vai esperar o diagn\u00f3stico da doen\u00e7a de Virg\u00edlio para larg\u00e1-lo. Marcos n\u00e3o aceita o convite de C\u00e9sar para morar com ele. Malu conta a Carola que Joel vai vender o restaurante. Malu acha que assim vai deixar Virg\u00edlio morrendo de raiva. Raquel conta aos pais que est\u00e1 gr\u00e1vida e, ao voltar para casa, come\u00e7a o seu plano para reconquistar Marcos. Raquel finge um mal-estar e, com muita meiguice, pede para que Marcos durma com ela.<\/p>\n<p>(*) edi\u00e7\u00e3o das novelas da Globo, &#8220;Mulheres de Areia&#8221;, sujeito a altera\u00e7\u00e3o de data e conte\u00fado.<\/p>\n<p>Sinopse &#8220;Mulheres de Areia&#8221;: Ap\u00f3s anos Ruth volta a morar com os pais, o casal de pescadores Isaura e Floriano, e com sua irm\u00e3 g\u00eamea, Raquel. Ruth e Raquel, apesar de fisicamente id\u00eanticas, t\u00eam personalidades totalmente opostas. Ruth \u00e9 doce, calma, humilde e possui um bom cora\u00e7\u00e3o; enquanto Raquel \u00e9 ego\u00edsta, ambiciosa, agressiva e m\u00e1. Raquel finge ser Ruth para conquistar o jovem empres\u00e1rio Marcos Assun\u00e7\u00e3o, que a irm\u00e3 conheceu a caminho de Pontal. Mesmo apaixonado por Ruth, Marcos acaba envolvido pelo charme e sensualidade de Raquel, e acaba casando-se com ela. A uni\u00e3o n\u00e3o impede que Raquel continue a se encontrar \u00e0s escondidas com o malandro e mau-car\u00e1ter Wanderley, seu amante e c\u00famplice. Em Pontal D&#8217;Areia vive ainda Tonho da Lua, que esculpe mulheres de areia na praia, e alimenta um amor plat\u00f4nico por Ruth, sua protetora. Raquel, por sua vez, o persegue e inferniza sua vida, destruindo suas esculturas e o ofendendo sempre que pode. <\/p>\n","protected":false},"excerpt":{"rendered":"<p>Resumo da novela &#8220;Mulheres de Areia&#8221; em 08\/09: no cap\u00edtulo 055(*) da novela, Marcos n\u00e3o acredita em Raquel e pede \u00e0 m\u00e3e que v\u00e1 com ela ao m\u00e9dico. E avisa que, mesmo assim, o div\u00f3rcio ainda est\u00e1 de p\u00e9. C\u00e9sar aconselha Marcos a sair de casa para n\u00e3o ceder aos caprichos de Raquel, mas ele [&hellip;]<\/p>\n","protected":false},"author":2,"featured_media":233993,"comment_status":"closed","ping_status":"closed","sticky":false,"template":"","format":"standard","meta":{"tdm_status":"","tdm_grid_status":"","footnotes":""},"categories":[2309,379,375,2025,343],"tags":[441],"class_list":{"0":"post-236872","1":"post","2":"type-post","3":"status-publish","4":"format-standard","5":"has-post-thumbnail","7":"category-mulheres-de-areia","8":"category-novelas","9":"category-rede-globo","10":"category-resumo","11":"category-televisao","12":"tag-resumo-do-dia"},"_links":{"self":[{"href":"https:\/\/migracao.redenoticia.com.br\/noticia\/wp-json\/wp\/v2\/posts\/236872","targetHints":{"allow":["GET"]}}],"collection":[{"href":"https:\/\/migracao.redenoticia.com.br\/noticia\/wp-json\/wp\/v2\/posts"}],"about":[{"href":"https:\/\/migracao.redenoticia.com.br\/noticia\/wp-json\/wp\/v2\/types\/post"}],"author":[{"embeddable":true,"href":"https:\/\/migracao.redenoticia.com.br\/noticia\/wp-json\/wp\/v2\/users\/2"}],"replies":[{"embeddable":true,"href":"https:\/\/migracao.redenoticia.com.br\/noticia\/wp-json\/wp\/v2\/comments?post=236872"}],"version-history":[{"count":0,"href":"https:\/\/migracao.redenoticia.com.br\/noticia\/wp-json\/wp\/v2\/posts\/236872\/revisions"}],"wp:featuredmedia":[{"embeddable":true,"href":"https:\/\/migracao.redenoticia.com.br\/noticia\/wp-json\/wp\/v2\/media\/233993"}],"wp:attachment":[{"href":"https:\/\/migracao.redenoticia.com.br\/noticia\/wp-json\/wp\/v2\/media?parent=236872"}],"wp:term":[{"taxonomy":"category","embeddable":true,"href":"https:\/\/migracao.redenoticia.com.br\/noticia\/wp-json\/wp\/v2\/categories?post=236872"},{"taxonomy":"post_tag","embeddable":true,"href":"https:\/\/migracao.redenoticia.com.br\/noticia\/wp-json\/wp\/v2\/tags?post=236872"}],"curies":[{"name":"wp","href":"https:\/\/api.w.org\/{rel}","templated":true}]}}