{"id":236932,"date":"2023-09-10T15:14:52","date_gmt":"2023-09-10T18:14:52","guid":{"rendered":"https:\/\/www.redenoticia.com.br\/noticia\/?p=236932"},"modified":"2023-09-18T21:07:38","modified_gmt":"2023-09-19T00:07:38","slug":"resumo-iludida-11-09-asya-e-volkan-sao-suspeitos-pelo-sequesto-de-derin","status":"publish","type":"post","link":"https:\/\/migracao.redenoticia.com.br\/noticia\/2023\/resumo-iludida-11-09-asya-e-volkan-sao-suspeitos-pelo-sequesto-de-derin\/236932","title":{"rendered":"Resumo \u201cIludida\u201d 11\/09: Asya e Volkan s\u00e3o suspeitos pelo sequesto de Derin"},"content":{"rendered":"<p><img loading=\"lazy\" decoding=\"async\" class=\"aligncenter size-full wp-image-235992\" src=\"https:\/\/migracao.redenoticia.com.br\/noticia\/imagens\/novela-iludida-logo-resumo-canal-tnt.jpg\" alt=\"\" width=\"1280\" height=\"720\" srcset=\"https:\/\/migracao.redenoticia.com.br\/noticia\/imagens\/novela-iludida-logo-resumo-canal-tnt.jpg 1280w, https:\/\/migracao.redenoticia.com.br\/noticia\/imagens\/novela-iludida-logo-resumo-canal-tnt-250x140.jpg 250w, https:\/\/migracao.redenoticia.com.br\/noticia\/imagens\/novela-iludida-logo-resumo-canal-tnt-400x225.jpg 400w, https:\/\/migracao.redenoticia.com.br\/noticia\/imagens\/novela-iludida-logo-resumo-canal-tnt-768x432.jpg 768w, https:\/\/migracao.redenoticia.com.br\/noticia\/imagens\/novela-iludida-logo-resumo-canal-tnt-150x84.jpg 150w\" sizes=\"auto, (max-width: 1280px) 100vw, 1280px\" \/><\/p>\n<p><strong><em>Resumo da novela \u201cIludida\u201d<\/em><\/strong> em 11\/09: no cap\u00edtulo 056(*) da novela, Volkan come\u00e7a a seguir Asya por todos os lados. Mas neste momento, um telefonema de um desconhecido provoca uma grande confus\u00e3o. Derin foi sequestrada. &#8230; <em>Em detalhes,<\/em> Derya est\u00e1 encarregada de contar a Asya o que aconteceu. Esta recebe a not\u00edcia com calma: \u201cVou recolher minhas coisas e talvez por tempo indeterminado. Estou farta de brincarem com meu trabalho.&#8221; Mais tarde, ela vai procurar Ali na escola, que tamb\u00e9m est\u00e1 sabendo do ocorrido gra\u00e7as aos colegas. O adolescente n\u00e3o suporta o fato de que o relacionamento de seus pais \u00e9 de dom\u00ednio p\u00fablico. Volkan vai at\u00e9 a casa da ex-mulher para conversar com ela. Nesse momento, ela recebe uma liga\u00e7\u00e3o de Derin, que fala muito alterada. Ent\u00e3o ouve-se um grito e depois\u2026 nada. Volkan e Asya v\u00e3o at\u00e9 a casa de G\u00fc\u00e7l\u00fc para ver o que aconteceu, mas n\u00e3o conseguem encontr\u00e1-la e a mans\u00e3o est\u00e1 completamente virada de cabe\u00e7a para baixo. <\/p>\n<p>Assim que Volkan e Asya voltam para casa, a pol\u00edcia vem logo em seguida. Embora a investiga\u00e7\u00e3o da cena do crime tenha encontrado vest\u00edgios de sangue limpo no banheiro e no quarto, h\u00e1 artigos suspeitos que Derin escreveu sobre Volkan debaixo da cama do beb\u00ea. Al\u00e9m disso, o telefone de Derin est\u00e1 em casa e h\u00e1 a chamada mensagem \u201cVou te matar\u201d enviada por Volkan. Tentaram-se excluir grava\u00e7\u00f5es de c\u00e2meras; por algum motivo, apenas as imagens de que Volkan ficou com raiva porque Derin expulsou Asya de casa e as afixou na parede permaneceram. Como Melih \u00e9 o chefe da pol\u00edcia distrital de Istambul, ele mant\u00e9m contato com o comiss\u00e1rio que cuida do incidente. Ela est\u00e1 preocupada com o sobrinho como outros membros da fam\u00edlia. O telefone e a linha para onde Derin ligou para Volkan; use-o. Portanto, eles acham que sua esposa n\u00e3o procurou Volkan, pois n\u00e3o conseguiram encontrar seu rastro. <\/p>\n<p>(*) edi\u00e7\u00e3o das novelas da TNT\/HBO, \u201cIludida\u201d, sujeito a altera\u00e7\u00e3o de data e conte\u00fado.<\/p>\n<p>Sinopse &#8220;Iludida&#8221;: Com apenas 37 anos, Asya \u00e9 vice-diretora e m\u00e9dica em um hospital da cidade de Tekirdag. Al\u00e9m de ter uma carreira profissional de sucesso, leva uma vida tranquila com o seu marido Volkan e seu filho Ali. Ela parece ter tudo: um trabalho perfeito, uma casa linda e uma fam\u00edlia feliz. Asya se sente a mulher mais sortuda do mundo, o que mais ela poderia pedir? Tudo na sua vida parecia ser cor-de-rosa, at\u00e9 que ela descobre um cabelo loiro no cachecol do seu marido, o que a transforma em uma pessoa obsessiva e incapaz de confiar nas pessoas ao seu redor. Por\u00e9m, ela n\u00e3o se engana em desconfiar deles: aos poucos, Asya descobre uma rede de mentiras que a leva a perceber que a sua vida n\u00e3o era t\u00e3o perfeita como ela pensava. <\/p>\n","protected":false},"excerpt":{"rendered":"<p>Resumo da novela \u201cIludida\u201d em 11\/09: no cap\u00edtulo 056(*) da novela, Volkan come\u00e7a a seguir Asya por todos os lados. Mas neste momento, um telefonema de um desconhecido provoca uma grande confus\u00e3o. Derin foi sequestrada. &#8230; Em detalhes, Derya est\u00e1 encarregada de contar a Asya o que aconteceu. Esta recebe a not\u00edcia com calma: \u201cVou [&hellip;]<\/p>\n","protected":false},"author":4,"featured_media":235991,"comment_status":"closed","ping_status":"closed","sticky":false,"template":"","format":"standard","meta":{"tdm_status":"","tdm_grid_status":"","footnotes":""},"categories":[2317,379,2025,343,2315],"tags":[441],"class_list":{"0":"post-236932","1":"post","2":"type-post","3":"status-publish","4":"format-standard","5":"has-post-thumbnail","7":"category-iludida","8":"category-novelas","9":"category-resumo","10":"category-televisao","11":"category-tnt","12":"tag-resumo-do-dia"},"_links":{"self":[{"href":"https:\/\/migracao.redenoticia.com.br\/noticia\/wp-json\/wp\/v2\/posts\/236932","targetHints":{"allow":["GET"]}}],"collection":[{"href":"https:\/\/migracao.redenoticia.com.br\/noticia\/wp-json\/wp\/v2\/posts"}],"about":[{"href":"https:\/\/migracao.redenoticia.com.br\/noticia\/wp-json\/wp\/v2\/types\/post"}],"author":[{"embeddable":true,"href":"https:\/\/migracao.redenoticia.com.br\/noticia\/wp-json\/wp\/v2\/users\/4"}],"replies":[{"embeddable":true,"href":"https:\/\/migracao.redenoticia.com.br\/noticia\/wp-json\/wp\/v2\/comments?post=236932"}],"version-history":[{"count":0,"href":"https:\/\/migracao.redenoticia.com.br\/noticia\/wp-json\/wp\/v2\/posts\/236932\/revisions"}],"wp:featuredmedia":[{"embeddable":true,"href":"https:\/\/migracao.redenoticia.com.br\/noticia\/wp-json\/wp\/v2\/media\/235991"}],"wp:attachment":[{"href":"https:\/\/migracao.redenoticia.com.br\/noticia\/wp-json\/wp\/v2\/media?parent=236932"}],"wp:term":[{"taxonomy":"category","embeddable":true,"href":"https:\/\/migracao.redenoticia.com.br\/noticia\/wp-json\/wp\/v2\/categories?post=236932"},{"taxonomy":"post_tag","embeddable":true,"href":"https:\/\/migracao.redenoticia.com.br\/noticia\/wp-json\/wp\/v2\/tags?post=236932"}],"curies":[{"name":"wp","href":"https:\/\/api.w.org\/{rel}","templated":true}]}}