{"id":236965,"date":"2023-09-11T15:55:52","date_gmt":"2023-09-11T18:55:52","guid":{"rendered":"https:\/\/www.redenoticia.com.br\/noticia\/?p=236965"},"modified":"2023-09-11T15:55:52","modified_gmt":"2023-09-11T18:55:52","slug":"resumo-sera-isso-amor-12-09-aydan-testa-se-serkan-e-eda-ainda-estao-apaixonados","status":"publish","type":"post","link":"https:\/\/migracao.redenoticia.com.br\/noticia\/2023\/resumo-sera-isso-amor-12-09-aydan-testa-se-serkan-e-eda-ainda-estao-apaixonados\/236965","title":{"rendered":"Resumo \u201cSer\u00e1 Isso Amor?\u201d 12\/09: Aydan testa se Serkan e Eda ainda est\u00e3o apaixonados"},"content":{"rendered":"<p> <img loading=\"lazy\" decoding=\"async\" class=\"aligncenter size-full wp-image-235988\" src=\"https:\/\/migracao.redenoticia.com.br\/noticia\/imagens\/novela-sera-isso-amor-tnt-resumo-elenco.jpg\" alt=\"\" width=\"1280\" height=\"720\" srcset=\"https:\/\/migracao.redenoticia.com.br\/noticia\/imagens\/novela-sera-isso-amor-tnt-resumo-elenco.jpg 1280w, https:\/\/migracao.redenoticia.com.br\/noticia\/imagens\/novela-sera-isso-amor-tnt-resumo-elenco-250x140.jpg 250w, https:\/\/migracao.redenoticia.com.br\/noticia\/imagens\/novela-sera-isso-amor-tnt-resumo-elenco-400x225.jpg 400w, https:\/\/migracao.redenoticia.com.br\/noticia\/imagens\/novela-sera-isso-amor-tnt-resumo-elenco-768x432.jpg 768w, https:\/\/migracao.redenoticia.com.br\/noticia\/imagens\/novela-sera-isso-amor-tnt-resumo-elenco-150x84.jpg 150w\" sizes=\"auto, (max-width: 1280px) 100vw, 1280px\" \/><\/p>\n<p><strong><em>Resumo da novela \u201cSer\u00e1 Isso Amor?\u201d<\/em><\/strong> em 12\/09: no cap\u00edtulo 057(*) da novela, Eda tem certeza de que Serkan n\u00e3o terminou com ela por causa do trabalho, como ele disse a ela, e pergunta a Aydan o verdadeiro motivo. No entanto, ela apenas diz a ele que seu filho tem medo de perder as pessoas que ama desde que seu irm\u00e3o Alp morreu quando crian\u00e7a. Alheio a isso, o arquiteto confronta a Efe ao saber que foi ele quem causou o desabamento da mans\u00e3o Kafescioglu. Ele n\u00e3o tem escolha a n\u00e3o ser admitir sua culpa, mas n\u00e3o s\u00f3 para ele, mas tamb\u00e9m para a equipe, publicamente, por meio de uma declara\u00e7\u00e3o na televis\u00e3o sob a supervis\u00e3o de Selin. Eda, Efe, Selin e Serkan, se encontram jantando em um restaurante. <\/p>\n<p>Eda est\u00e1 brava com Serkan porque ele est\u00e1 morando na mesma casa que Selin, ent\u00e3o suas amigas decidem tentar algo diferente. Aydan descobre uma maneira de saber se Serkan e Eda ainda est\u00e3o apaixonados.  &#8230; <em>Em detalhes,<\/em> Selin vai morar com Serkan em sua nova casa espa\u00e7osa. Eda n\u00e3o est\u00e1 feliz com Selin no lugar de Serkan. Eda faz o que lhe conv\u00e9m. Ela se distanciou de Serkan. Eda, que diz: \u201cEu te disse o que eu te disse, fique longe de mim\u201d. Serkan descobre que n\u00e3o consegue ficar longe de Eda. Ayfer pula de alegria quando Figen o informa que seu novo neg\u00f3cio de catering se tornou um sucesso nas redes sociais: \u201cMuitas pessoas vieram \u00e0 recep\u00e7\u00e3o da tia Ferit e elogiaram sua comida.\u201d<\/p>\n<p>(*) edi\u00e7\u00e3o das novelas da TNT\/HBO, \u201cSer\u00e1 Isso Amor?\u201d, sujeito a altera\u00e7\u00e3o de data e conte\u00fado.<\/p>\n<p>Sinopse &#8220;Ser\u00e1 Isso Amor?&#8221;: (Primeira Temporada) Eda n\u00e3o consegue concluir sua gradua\u00e7\u00e3o na faculdade de arquitetura paisag\u00edstica por causa de Serkan Bolat. Serkan tem uma ex-namorada, Selin, que ficou noiva recentemente ap\u00f3s o rompimento. Para recuper\u00e1-la, Serkan oferece a Eda um contrato segundo o qual ela deve fingir ser sua noiva por dois meses. Ela aceita a oferta e n\u00e3o demora para surgir algo entre eles. <\/p>\n<p>(Segunda Temporada) Serkan e Eda passam por momentos dif\u00edceis durante o tratamento de c\u00e2ncer dele, que fica obcecado com sua doen\u00e7a e que vira um homem completamente diferente ap\u00f3s sobreviver. Serkan volta a se concentrar apenas em seu trabalho, que aos poucos o afasta de Eda. Mais tarde, ela vai para a It\u00e1lia para concluir seus estudos, enquanto Serkan continua com sua vida. Mas quando eles finalmente se reencontram ap\u00f3s 5 longos anos, a vida tem uma surpresa para ambos. <\/p>\n","protected":false},"excerpt":{"rendered":"<p>Resumo da novela \u201cSer\u00e1 Isso Amor?\u201d em 12\/09: no cap\u00edtulo 057(*) da novela, Eda tem certeza de que Serkan n\u00e3o terminou com ela por causa do trabalho, como ele disse a ela, e pergunta a Aydan o verdadeiro motivo. No entanto, ela apenas diz a ele que seu filho tem medo de perder as pessoas [&hellip;]<\/p>\n","protected":false},"author":2,"featured_media":235990,"comment_status":"closed","ping_status":"closed","sticky":false,"template":"","format":"standard","meta":{"tdm_status":"","tdm_grid_status":"","footnotes":""},"categories":[379,2025,2316,343,2315],"tags":[441],"class_list":{"0":"post-236965","1":"post","2":"type-post","3":"status-publish","4":"format-standard","5":"has-post-thumbnail","7":"category-novelas","8":"category-resumo","9":"category-sera-isso-amor","10":"category-televisao","11":"category-tnt","12":"tag-resumo-do-dia"},"_links":{"self":[{"href":"https:\/\/migracao.redenoticia.com.br\/noticia\/wp-json\/wp\/v2\/posts\/236965","targetHints":{"allow":["GET"]}}],"collection":[{"href":"https:\/\/migracao.redenoticia.com.br\/noticia\/wp-json\/wp\/v2\/posts"}],"about":[{"href":"https:\/\/migracao.redenoticia.com.br\/noticia\/wp-json\/wp\/v2\/types\/post"}],"author":[{"embeddable":true,"href":"https:\/\/migracao.redenoticia.com.br\/noticia\/wp-json\/wp\/v2\/users\/2"}],"replies":[{"embeddable":true,"href":"https:\/\/migracao.redenoticia.com.br\/noticia\/wp-json\/wp\/v2\/comments?post=236965"}],"version-history":[{"count":0,"href":"https:\/\/migracao.redenoticia.com.br\/noticia\/wp-json\/wp\/v2\/posts\/236965\/revisions"}],"wp:featuredmedia":[{"embeddable":true,"href":"https:\/\/migracao.redenoticia.com.br\/noticia\/wp-json\/wp\/v2\/media\/235990"}],"wp:attachment":[{"href":"https:\/\/migracao.redenoticia.com.br\/noticia\/wp-json\/wp\/v2\/media?parent=236965"}],"wp:term":[{"taxonomy":"category","embeddable":true,"href":"https:\/\/migracao.redenoticia.com.br\/noticia\/wp-json\/wp\/v2\/categories?post=236965"},{"taxonomy":"post_tag","embeddable":true,"href":"https:\/\/migracao.redenoticia.com.br\/noticia\/wp-json\/wp\/v2\/tags?post=236965"}],"curies":[{"name":"wp","href":"https:\/\/api.w.org\/{rel}","templated":true}]}}