{"id":236996,"date":"2023-09-12T15:08:14","date_gmt":"2023-09-12T18:08:14","guid":{"rendered":"https:\/\/www.redenoticia.com.br\/noticia\/?p=236996"},"modified":"2023-09-12T15:08:14","modified_gmt":"2023-09-12T18:08:14","slug":"resumo-sera-isso-amor-13-09-serkan-decide-contar-a-verdade-para-eda","status":"publish","type":"post","link":"https:\/\/migracao.redenoticia.com.br\/noticia\/2023\/resumo-sera-isso-amor-13-09-serkan-decide-contar-a-verdade-para-eda\/236996","title":{"rendered":"Resumo \u201cSer\u00e1 Isso Amor?\u201d 13\/09: Serkan decide contar a verdade para Eda"},"content":{"rendered":"<p> <img loading=\"lazy\" decoding=\"async\" class=\"aligncenter size-full wp-image-235988\" src=\"https:\/\/migracao.redenoticia.com.br\/noticia\/imagens\/novela-sera-isso-amor-tnt-resumo-elenco.jpg\" alt=\"\" width=\"1280\" height=\"720\" srcset=\"https:\/\/migracao.redenoticia.com.br\/noticia\/imagens\/novela-sera-isso-amor-tnt-resumo-elenco.jpg 1280w, https:\/\/migracao.redenoticia.com.br\/noticia\/imagens\/novela-sera-isso-amor-tnt-resumo-elenco-250x140.jpg 250w, https:\/\/migracao.redenoticia.com.br\/noticia\/imagens\/novela-sera-isso-amor-tnt-resumo-elenco-400x225.jpg 400w, https:\/\/migracao.redenoticia.com.br\/noticia\/imagens\/novela-sera-isso-amor-tnt-resumo-elenco-768x432.jpg 768w, https:\/\/migracao.redenoticia.com.br\/noticia\/imagens\/novela-sera-isso-amor-tnt-resumo-elenco-150x84.jpg 150w\" sizes=\"auto, (max-width: 1280px) 100vw, 1280px\" \/><\/p>\n<p><strong><em>Resumo da novela \u201cSer\u00e1 Isso Amor?\u201d<\/em><\/strong> em 13\/09: no cap\u00edtulo 058(*) da novela, Selin vai morar com Serkan em sua nova casa espa\u00e7osa. Eda n\u00e3o est\u00e1 feliz com Selin no mesmo lugar de Serkan. Eda tem certeza de que Serkan n\u00e3o terminou com ela por causa do trabalho, como ele disse a ela, e pergunta a Aydan o verdadeiro motivo. No entanto, ela apenas diz a ele que seu filho tem medo de perder as pessoas que ama desde que seu irm\u00e3o Alp morreu quando crian\u00e7a. Alheio a isso, o arquiteto confronta a Efe ao saber que foi ele quem causou o desabamento da mans\u00e3o Kafescioglu. Efe n\u00e3o tem escolha a n\u00e3o ser admitir sua culpa, n\u00e3o s\u00f3 para ele, mas tamb\u00e9m para a equipe e publicamente, por meio de uma declara\u00e7\u00e3o na televis\u00e3o sob a supervis\u00e3o de Selin. Ayfer pula de alegria quando Figen a informa que seu novo neg\u00f3cio de catering se tornou um sucesso nas redes sociais: \u201cMuitas pessoas foram \u00e0 recep\u00e7\u00e3o da tia Ferit e elogiaram sua comida.\u201d Eda faz o que lhe conv\u00e9m. Ela se distancia de Serkan e diz: \u201cEu te disse o que eu te disse, fique longe de mim\u201d. Serkan descobre que n\u00e3o consegue ficar longe de Eda. <\/p>\n<p>Serkan tem que decidir se contar\u00e1 a verdade para Eda. O plano de Erdem n\u00e3o sai como ele esperava. Uma reuni\u00e3o crucial \u00e9 realizada, mas Ceren n\u00e3o tem permiss\u00e3o para participar. &#8230; <em>Em detalhes,<\/em> Alptekin vai ao escrit\u00f3rio da Art Life para se encontrar com os advogados da Kafescioglu e defender o trabalho da empresa junto com o filho: \u201cEstudamos cada projeto detalhadamente para que n\u00e3o haja erros, e isso nos diferencia dos demais\u201d. Quando o lembram do caso das resid\u00eancias de ver\u00e3o em que os pais de Eda morreram, ele garante que sua empresa n\u00e3o teve nada a ver com isso. Os advogados saem satisfeitos e assinam o contrato com a empresa. Mais tarde, Serkan repreende seu pai por ser um mentiroso. Ele o lembra que foi um erro do passado do qual ele se arrepende, mas que deve olhar para o futuro. N\u00e3o imaginam que Efe os tenha gravado&#8230; \u201cJ\u00e1 tenho provas de que mataram o seu filho\u201d, Efe informa por telefone ao s\u00f3cio.<\/p>\n<p>Efe grava a desculpa que havia prometido, mas Serkan tem outros planos para esse v\u00eddeo. Eda vai a uma reuni\u00e3o da funda\u00e7\u00e3o com Aydan e recebe um telefonema de Serkan no meio da noite. &#8230; <em>Em detalhes,<\/em> Serkan fala sobre a presen\u00e7a de Eda em sua vida: \u201cSe a coincid\u00eancia n\u00e3o tivesse trazido voc\u00ea at\u00e9 mim, eu teria vivido da mesma forma, mas sem saber de tudo. Voc\u00ea me ensinou que existe outro tipo de vida no mundo e que eu tenho uma alma.&#8221; Serkan n\u00e3o pode mais segurar a verdade. Serkan n\u00e3o aguenta mais e revela seu segredo para Eda. Destru\u00edda, ela vai ver Alptekin para enfrent\u00e1-lo e ele pede desculpas, mas n\u00e3o adianta. \u201cNunca vou esquecer isso, \u00e9 desprez\u00edvel\u201d, diz antes de sair. Assim que descobrem o que aconteceu com seu amigo, Melek, Ceren e Figen sugerem que deixem a cidade para fazer terapia. O resultado acalma o cora\u00e7\u00e3o de Eda e a ajuda a tomar uma decis\u00e3o: \u201cEmbora Serkan n\u00e3o tenha nada a ver com isso, ele escondeu de mim. Eu n\u00e3o posso confiar nele. Acabou-se&#8221;.<\/p>\n<p>(*) edi\u00e7\u00e3o das novelas da TNT\/HBO, \u201cSer\u00e1 Isso Amor?\u201d, sujeito a altera\u00e7\u00e3o de data e conte\u00fado.<\/p>\n<p>Sinopse &#8220;Ser\u00e1 Isso Amor?&#8221;: (Primeira Temporada) Eda n\u00e3o consegue concluir sua gradua\u00e7\u00e3o na faculdade de arquitetura paisag\u00edstica por causa de Serkan Bolat. Serkan tem uma ex-namorada, Selin, que ficou noiva recentemente ap\u00f3s o rompimento. Para recuper\u00e1-la, Serkan oferece a Eda um contrato segundo o qual ela deve fingir ser sua noiva por dois meses. Ela aceita a oferta e n\u00e3o demora para surgir algo entre eles. <\/p>\n<p>(Segunda Temporada) Serkan e Eda passam por momentos dif\u00edceis durante o tratamento de c\u00e2ncer dele, que fica obcecado com sua doen\u00e7a e que vira um homem completamente diferente ap\u00f3s sobreviver. Serkan volta a se concentrar apenas em seu trabalho, que aos poucos o afasta de Eda. Mais tarde, ela vai para a It\u00e1lia para concluir seus estudos, enquanto Serkan continua com sua vida. Mas quando eles finalmente se reencontram ap\u00f3s 5 longos anos, a vida tem uma surpresa para ambos.<\/p>\n","protected":false},"excerpt":{"rendered":"<p>Resumo da novela \u201cSer\u00e1 Isso Amor?\u201d em 13\/09: no cap\u00edtulo 058(*) da novela, Selin vai morar com Serkan em sua nova casa espa\u00e7osa. Eda n\u00e3o est\u00e1 feliz com Selin no mesmo lugar de Serkan. Eda tem certeza de que Serkan n\u00e3o terminou com ela por causa do trabalho, como ele disse a ela, e pergunta [&hellip;]<\/p>\n","protected":false},"author":5,"featured_media":235990,"comment_status":"closed","ping_status":"closed","sticky":false,"template":"","format":"standard","meta":{"tdm_status":"","tdm_grid_status":"","footnotes":""},"categories":[379,2025,2316,343,2315],"tags":[441],"class_list":{"0":"post-236996","1":"post","2":"type-post","3":"status-publish","4":"format-standard","5":"has-post-thumbnail","7":"category-novelas","8":"category-resumo","9":"category-sera-isso-amor","10":"category-televisao","11":"category-tnt","12":"tag-resumo-do-dia"},"_links":{"self":[{"href":"https:\/\/migracao.redenoticia.com.br\/noticia\/wp-json\/wp\/v2\/posts\/236996","targetHints":{"allow":["GET"]}}],"collection":[{"href":"https:\/\/migracao.redenoticia.com.br\/noticia\/wp-json\/wp\/v2\/posts"}],"about":[{"href":"https:\/\/migracao.redenoticia.com.br\/noticia\/wp-json\/wp\/v2\/types\/post"}],"author":[{"embeddable":true,"href":"https:\/\/migracao.redenoticia.com.br\/noticia\/wp-json\/wp\/v2\/users\/5"}],"replies":[{"embeddable":true,"href":"https:\/\/migracao.redenoticia.com.br\/noticia\/wp-json\/wp\/v2\/comments?post=236996"}],"version-history":[{"count":0,"href":"https:\/\/migracao.redenoticia.com.br\/noticia\/wp-json\/wp\/v2\/posts\/236996\/revisions"}],"wp:featuredmedia":[{"embeddable":true,"href":"https:\/\/migracao.redenoticia.com.br\/noticia\/wp-json\/wp\/v2\/media\/235990"}],"wp:attachment":[{"href":"https:\/\/migracao.redenoticia.com.br\/noticia\/wp-json\/wp\/v2\/media?parent=236996"}],"wp:term":[{"taxonomy":"category","embeddable":true,"href":"https:\/\/migracao.redenoticia.com.br\/noticia\/wp-json\/wp\/v2\/categories?post=236996"},{"taxonomy":"post_tag","embeddable":true,"href":"https:\/\/migracao.redenoticia.com.br\/noticia\/wp-json\/wp\/v2\/tags?post=236996"}],"curies":[{"name":"wp","href":"https:\/\/api.w.org\/{rel}","templated":true}]}}