{"id":237036,"date":"2023-09-13T15:45:51","date_gmt":"2023-09-13T18:45:51","guid":{"rendered":"https:\/\/www.redenoticia.com.br\/noticia\/?p=237036"},"modified":"2023-09-13T15:45:51","modified_gmt":"2023-09-13T18:45:51","slug":"resumo-mulheres-de-areia-14-09-raquel-faz-aniversario-e-beija-marcos","status":"publish","type":"post","link":"https:\/\/migracao.redenoticia.com.br\/noticia\/2023\/resumo-mulheres-de-areia-14-09-raquel-faz-aniversario-e-beija-marcos\/237036","title":{"rendered":"Resumo &#8220;Mulheres de Areia&#8221; 14\/09: Raquel faz anivers\u00e1rio e beija Marcos"},"content":{"rendered":"<p> <img loading=\"lazy\" decoding=\"async\" src=\"https:\/\/migracao.redenoticia.com.br\/noticia\/imagens\/mulheres-de-areia-resumo-novela-globo.jpg\" alt=\"\" width=\"1280\" height=\"720\" class=\"aligncenter size-full wp-image-233994\" srcset=\"https:\/\/migracao.redenoticia.com.br\/noticia\/imagens\/mulheres-de-areia-resumo-novela-globo.jpg 1280w, https:\/\/migracao.redenoticia.com.br\/noticia\/imagens\/mulheres-de-areia-resumo-novela-globo-250x140.jpg 250w, https:\/\/migracao.redenoticia.com.br\/noticia\/imagens\/mulheres-de-areia-resumo-novela-globo-400x225.jpg 400w, https:\/\/migracao.redenoticia.com.br\/noticia\/imagens\/mulheres-de-areia-resumo-novela-globo-768x432.jpg 768w, https:\/\/migracao.redenoticia.com.br\/noticia\/imagens\/mulheres-de-areia-resumo-novela-globo-150x84.jpg 150w\" sizes=\"auto, (max-width: 1280px) 100vw, 1280px\" \/><\/p>\n<p><em><strong>Resumo da novela &#8220;Mulheres de Areia&#8221;<\/strong><\/em> em 14\/09: no cap\u00edtulo 059(*) da novela, Raquel faz anivers\u00e1rio e d\u00e1 um beijo em Marcos, que corresponde. Raquel diz que o beijo \u00e9 um presente especial. Virg\u00edlio reclama com Marcos, mas ele achou a atitude normal. Sampaio quer a demiss\u00e3o de C\u00e9sar, mas Virg\u00edlio n\u00e3o aceita. Depois, Virg\u00edlio pede a C\u00e9sar que v\u00e1 a Pontal vigiar Marcos e Raquel. Ele reluta, pois n\u00e3o quer encontrar Ruth, mas n\u00e3o tem como recusar. Vera conta a Breno o que Maria Helena descobriu, mas ele n\u00e3o acredita. Raquel e Ruth trocam presentes. C\u00e9sar vai cumprimentar Ruth, mas ela se esquiva. Arlete percebe que h\u00e1 algo de errado e Ruth pede desculpa.<\/p>\n<p>Arlete, C\u00e9sar, Raquel e Marcos v\u00e3o passear de iate. Clarita pergunta a Ruth sobre o seu namoro com Marcos, mas ela muda de assunto. C\u00e9sar n\u00e3o deixa Marcos ficar sozinho com Raquel. T\u00f4nia aceita um convite de Munhoz para passear de lancha. Raquel sai no meio da festa para se encontrar com Vanderlei no hotel, mas ele n\u00e3o abre a porta. Donato leva oferendas para Iemanj\u00e1 numa festa na praia. Raquel se cansa de bater na porta e fica sentada no corredor, quase chorando. Isaura encontra Raquel .<\/p>\n<p>(*) edi\u00e7\u00e3o das novelas da Globo, &#8220;Mulheres de Areia&#8221;, sujeito a altera\u00e7\u00e3o de data e conte\u00fado.<\/p>\n<p>Sinopse &#8220;Mulheres de Areia&#8221;: Ap\u00f3s anos Ruth volta a morar com os pais, o casal de pescadores Isaura e Floriano, e com sua irm\u00e3 g\u00eamea, Raquel. Ruth e Raquel, apesar de fisicamente id\u00eanticas, t\u00eam personalidades totalmente opostas. Ruth \u00e9 doce, calma, humilde e possui um bom cora\u00e7\u00e3o; enquanto Raquel \u00e9 ego\u00edsta, ambiciosa, agressiva e m\u00e1. Raquel finge ser Ruth para conquistar o jovem empres\u00e1rio Marcos Assun\u00e7\u00e3o, que a irm\u00e3 conheceu a caminho de Pontal. Mesmo apaixonado por Ruth, Marcos acaba envolvido pelo charme e sensualidade de Raquel, e acaba casando-se com ela. A uni\u00e3o n\u00e3o impede que Raquel continue a se encontrar \u00e0s escondidas com o malandro e mau-car\u00e1ter Wanderley, seu amante e c\u00famplice. Em Pontal D&#8217;Areia vive ainda Tonho da Lua, que esculpe mulheres de areia na praia, e alimenta um amor plat\u00f4nico por Ruth, sua protetora. Raquel, por sua vez, o persegue e inferniza sua vida, destruindo suas esculturas e o ofendendo sempre que pode.<\/p>\n","protected":false},"excerpt":{"rendered":"<p>Resumo da novela &#8220;Mulheres de Areia&#8221; em 14\/09: no cap\u00edtulo 059(*) da novela, Raquel faz anivers\u00e1rio e d\u00e1 um beijo em Marcos, que corresponde. Raquel diz que o beijo \u00e9 um presente especial. Virg\u00edlio reclama com Marcos, mas ele achou a atitude normal. Sampaio quer a demiss\u00e3o de C\u00e9sar, mas Virg\u00edlio n\u00e3o aceita. Depois, Virg\u00edlio [&hellip;]<\/p>\n","protected":false},"author":4,"featured_media":233993,"comment_status":"closed","ping_status":"closed","sticky":false,"template":"","format":"standard","meta":{"tdm_status":"","tdm_grid_status":"","footnotes":""},"categories":[2309,379,375,2025,343],"tags":[441],"class_list":{"0":"post-237036","1":"post","2":"type-post","3":"status-publish","4":"format-standard","5":"has-post-thumbnail","7":"category-mulheres-de-areia","8":"category-novelas","9":"category-rede-globo","10":"category-resumo","11":"category-televisao","12":"tag-resumo-do-dia"},"_links":{"self":[{"href":"https:\/\/migracao.redenoticia.com.br\/noticia\/wp-json\/wp\/v2\/posts\/237036","targetHints":{"allow":["GET"]}}],"collection":[{"href":"https:\/\/migracao.redenoticia.com.br\/noticia\/wp-json\/wp\/v2\/posts"}],"about":[{"href":"https:\/\/migracao.redenoticia.com.br\/noticia\/wp-json\/wp\/v2\/types\/post"}],"author":[{"embeddable":true,"href":"https:\/\/migracao.redenoticia.com.br\/noticia\/wp-json\/wp\/v2\/users\/4"}],"replies":[{"embeddable":true,"href":"https:\/\/migracao.redenoticia.com.br\/noticia\/wp-json\/wp\/v2\/comments?post=237036"}],"version-history":[{"count":0,"href":"https:\/\/migracao.redenoticia.com.br\/noticia\/wp-json\/wp\/v2\/posts\/237036\/revisions"}],"wp:featuredmedia":[{"embeddable":true,"href":"https:\/\/migracao.redenoticia.com.br\/noticia\/wp-json\/wp\/v2\/media\/233993"}],"wp:attachment":[{"href":"https:\/\/migracao.redenoticia.com.br\/noticia\/wp-json\/wp\/v2\/media?parent=237036"}],"wp:term":[{"taxonomy":"category","embeddable":true,"href":"https:\/\/migracao.redenoticia.com.br\/noticia\/wp-json\/wp\/v2\/categories?post=237036"},{"taxonomy":"post_tag","embeddable":true,"href":"https:\/\/migracao.redenoticia.com.br\/noticia\/wp-json\/wp\/v2\/tags?post=237036"}],"curies":[{"name":"wp","href":"https:\/\/api.w.org\/{rel}","templated":true}]}}