{"id":237063,"date":"2023-09-13T19:14:27","date_gmt":"2023-09-13T22:14:27","guid":{"rendered":"https:\/\/www.redenoticia.com.br\/noticia\/?p=237063"},"modified":"2023-09-13T19:14:27","modified_gmt":"2023-09-13T22:14:27","slug":"resumo-a-infancia-de-romeu-e-julieta-14-09-telma-desabafa-com-karen","status":"publish","type":"post","link":"https:\/\/migracao.redenoticia.com.br\/noticia\/2023\/resumo-a-infancia-de-romeu-e-julieta-14-09-telma-desabafa-com-karen\/237063","title":{"rendered":"Resumo \u201cA Inf\u00e2ncia de Romeu e Julieta\u201d 14\/09: Telma desabafa com Karen"},"content":{"rendered":"<p> <img loading=\"lazy\" decoding=\"async\" src=\"https:\/\/migracao.redenoticia.com.br\/noticia\/imagens\/novela-romeu-e-julieta-sbt-elenco-resumo.jpg\" alt=\"\" width=\"1280\" height=\"720\" class=\"aligncenter size-full wp-image-232242\" srcset=\"https:\/\/migracao.redenoticia.com.br\/noticia\/imagens\/novela-romeu-e-julieta-sbt-elenco-resumo.jpg 1280w, https:\/\/migracao.redenoticia.com.br\/noticia\/imagens\/novela-romeu-e-julieta-sbt-elenco-resumo-250x140.jpg 250w, https:\/\/migracao.redenoticia.com.br\/noticia\/imagens\/novela-romeu-e-julieta-sbt-elenco-resumo-400x225.jpg 400w, https:\/\/migracao.redenoticia.com.br\/noticia\/imagens\/novela-romeu-e-julieta-sbt-elenco-resumo-768x432.jpg 768w, https:\/\/migracao.redenoticia.com.br\/noticia\/imagens\/novela-romeu-e-julieta-sbt-elenco-resumo-150x84.jpg 150w\" sizes=\"auto, (max-width: 1280px) 100vw, 1280px\" \/><\/p>\n<p><strong><em>Resumo da novela \u201cA Inf\u00e2ncia de Romeu e Julieta\u201d<\/em><\/strong> em 14\/09: no cap\u00edtulo 094(*) da novela, em reuni\u00e3o com Leandro, Enzo admite que gosta de esporte e que recebeu uma oferta de H\u00e9lio para trabalhar no CEC. Leandro prop\u00f5e cobrir o pre\u00e7o de H\u00e9lio, mas Enzo segue em d\u00favida. Rosalina declara a Nando que est\u00e1 gostando de Romeu novamente e pede para Nando ajudar com a aproxima\u00e7\u00e3o. Mais tarde, Dimitri aconselha Nando e diz que ele \u00e9 legal e um bom irm\u00e3o. Na exposi\u00e7\u00e3o do Instituto Casa de Castanheiras, Romeu se depara com Julieta. A garota comenta sobre a foto deles registrada quando eram beb\u00eas.<\/p>\n<p>Fausto fica furioso ap\u00f3s descobrir que P\u00f3rcia foi ao cinema com Bass\u00e2nio e afirma \u00e0 filha que o rapaz n\u00e3o presta. Bass\u00e2nio chega feliz em casa, mas percebe que Daniel est\u00e1 arrasado porque Mariana anda saindo com Mauro. Enzo comenta com Amanda que est\u00e1 confuso com o futuro profissional, mas ele tem uma ideia brilhante para resolver o impasse. Cansada, Telma desabafa com Karen e diz que precisa de um companheiro para ajudar ela em casa e que se sente muito sozinha. No Armaz\u00e9m, Fausto faz uma lista gigante de compras e pede para Bass\u00e2nio buscar os produtos. ap\u00f3s Bass\u00e2nio coletar toda mercadoria, Fausto desiste das compras e admite que fez de prop\u00f3sito, j\u00e1 que n\u00e3o gosta dele.<\/p>\n<p>(*) edi\u00e7\u00e3o das novelas do SBT, \u201cA Inf\u00e2ncia de Romeu e Julieta\u201d, sujeito a altera\u00e7\u00e3o de data e conte\u00fado.<\/p>\n<p>Sinopse \u201cA Inf\u00e2ncia de Romeu e Julieta\u201d: A Trama se passa no bairro chamado castanheiras, em que duas fam\u00edlias com propostas diferentes para esse bairro vivem em disc\u00f3rdia, sendo divididas entre os lados Torre (Campos) e Vila (Monteiro).[6] Entretanto, Romeu (Miguel \u00c2ngelo) e Julieta (Vitt\u00f3ria Seixas) se conhecem, da\u00ed em diante, as fam\u00edlias rivais t\u00eam uma nova oportunidade de trazer paz e uni\u00e3o entre o conv\u00edvio deles. <\/p>\n<p>Romeu e Julieta n\u00e3o sabem como v\u00e3o fazer para ficarem juntos. A not\u00edcia do romance chega \u00e0s fam\u00edlias, que n\u00e3o gostam nada da hist\u00f3ria e tratam de afasta-los imediatamente, aprontando v\u00e1rias situa\u00e7\u00f5es. Romeu e Julieta querem acabar com essa hostilidade e tentam ir atr\u00e1s de uma solu\u00e7\u00e3o, mas ao descobrirem mais sobre a hist\u00f3ria de seus pais, percebem que pode ser imposs\u00edvel.<\/p>\n","protected":false},"excerpt":{"rendered":"<p>Resumo da novela \u201cA Inf\u00e2ncia de Romeu e Julieta\u201d em 14\/09: no cap\u00edtulo 094(*) da novela, em reuni\u00e3o com Leandro, Enzo admite que gosta de esporte e que recebeu uma oferta de H\u00e9lio para trabalhar no CEC. Leandro prop\u00f5e cobrir o pre\u00e7o de H\u00e9lio, mas Enzo segue em d\u00favida. Rosalina declara a Nando que est\u00e1 [&hellip;]<\/p>\n","protected":false},"author":3,"featured_media":232241,"comment_status":"closed","ping_status":"closed","sticky":false,"template":"","format":"standard","meta":{"tdm_status":"","tdm_grid_status":"","footnotes":""},"categories":[2306,379,2025,372,343],"tags":[441],"class_list":{"0":"post-237063","1":"post","2":"type-post","3":"status-publish","4":"format-standard","5":"has-post-thumbnail","7":"category-novela-romeu-e-julieta","8":"category-novelas","9":"category-resumo","10":"category-sbt","11":"category-televisao","12":"tag-resumo-do-dia"},"_links":{"self":[{"href":"https:\/\/migracao.redenoticia.com.br\/noticia\/wp-json\/wp\/v2\/posts\/237063","targetHints":{"allow":["GET"]}}],"collection":[{"href":"https:\/\/migracao.redenoticia.com.br\/noticia\/wp-json\/wp\/v2\/posts"}],"about":[{"href":"https:\/\/migracao.redenoticia.com.br\/noticia\/wp-json\/wp\/v2\/types\/post"}],"author":[{"embeddable":true,"href":"https:\/\/migracao.redenoticia.com.br\/noticia\/wp-json\/wp\/v2\/users\/3"}],"replies":[{"embeddable":true,"href":"https:\/\/migracao.redenoticia.com.br\/noticia\/wp-json\/wp\/v2\/comments?post=237063"}],"version-history":[{"count":0,"href":"https:\/\/migracao.redenoticia.com.br\/noticia\/wp-json\/wp\/v2\/posts\/237063\/revisions"}],"wp:featuredmedia":[{"embeddable":true,"href":"https:\/\/migracao.redenoticia.com.br\/noticia\/wp-json\/wp\/v2\/media\/232241"}],"wp:attachment":[{"href":"https:\/\/migracao.redenoticia.com.br\/noticia\/wp-json\/wp\/v2\/media?parent=237063"}],"wp:term":[{"taxonomy":"category","embeddable":true,"href":"https:\/\/migracao.redenoticia.com.br\/noticia\/wp-json\/wp\/v2\/categories?post=237063"},{"taxonomy":"post_tag","embeddable":true,"href":"https:\/\/migracao.redenoticia.com.br\/noticia\/wp-json\/wp\/v2\/tags?post=237063"}],"curies":[{"name":"wp","href":"https:\/\/api.w.org\/{rel}","templated":true}]}}