{"id":237096,"date":"2023-09-14T14:00:54","date_gmt":"2023-09-14T17:00:54","guid":{"rendered":"https:\/\/www.redenoticia.com.br\/noticia\/?p=237096"},"modified":"2023-09-14T14:00:54","modified_gmt":"2023-09-14T17:00:54","slug":"resumo-um-refugio-para-o-amor-15-09-patricio-diz-a-paz-que-gosta-muito-de-luciana","status":"publish","type":"post","link":"https:\/\/migracao.redenoticia.com.br\/noticia\/2023\/resumo-um-refugio-para-o-amor-15-09-patricio-diz-a-paz-que-gosta-muito-de-luciana\/237096","title":{"rendered":"Resumo \u201cUm Ref\u00fagio para o Amor\u201d 15\/09: Patr\u00edcio diz a Paz que gosta muito de Luciana"},"content":{"rendered":"<p> <img loading=\"lazy\" decoding=\"async\" src=\"https:\/\/migracao.redenoticia.com.br\/noticia\/imagens\/um-refugio-para-o-amor-novela-resumo-sbt.jpg.jpg\" alt=\"\" width=\"1280\" height=\"720\" class=\"aligncenter size-full wp-image-233922\" srcset=\"https:\/\/migracao.redenoticia.com.br\/noticia\/imagens\/um-refugio-para-o-amor-novela-resumo-sbt.jpg.jpg 1280w, https:\/\/migracao.redenoticia.com.br\/noticia\/imagens\/um-refugio-para-o-amor-novela-resumo-sbt.jpg-250x140.jpg 250w, https:\/\/migracao.redenoticia.com.br\/noticia\/imagens\/um-refugio-para-o-amor-novela-resumo-sbt.jpg-400x225.jpg 400w, https:\/\/migracao.redenoticia.com.br\/noticia\/imagens\/um-refugio-para-o-amor-novela-resumo-sbt.jpg-768x432.jpg 768w, https:\/\/migracao.redenoticia.com.br\/noticia\/imagens\/um-refugio-para-o-amor-novela-resumo-sbt.jpg-150x84.jpg 150w\" sizes=\"auto, (max-width: 1280px) 100vw, 1280px\" \/> <\/p>\n<p><strong><em>Resumo da novela \u201cUm Ref\u00fagio para o Amor\u201d<\/em><\/strong> em 15\/09: no cap\u00edtulo 060(*) da novela, Cl\u00e1udio comenta que gostou muito da fam\u00edlia de Luciana e que se nota que foi criada com muito amor. Aldo procura Vicky, mas ela manda-o embora porque correm ambos o risco de morrer nas m\u00e3os de Maximino. Roselena oferece dinheiro a Paz para que se v\u00e1 embora da cidade. Maximino tenta convencer Rodrigo de que n\u00e3o h\u00e1 fundamento para as suas desconfian\u00e7as em rela\u00e7\u00e3o a Luciana e que deveria deixa-la falar. Paz diz a Roselena que deveriam aproveitar o momento para contar a verdade a Luciana, mas Roselena recusa-se. Boris pergunta a Jana se gosta de Louren\u00e7o.<\/p>\n<p>Paz diz a Patr\u00edcio que se nota que ele \u00e9 boa pessoa e Patr\u00edcio confessa-lhe gostar muito de Luciana. Luciana procura Rodrigo para falar com ele. Aldo e Vicky voltam a encontrar-se e trocam juras de amor, mas acabam por concluir que n\u00e3o podem ficar juntos por causa de Maximino. Rodrigo est\u00e1 cada vez mais convencido que Luciana mantem uma rela\u00e7\u00e3o amorosa com Cl\u00e1udio Linares. Flor conta a Magda que Violeta trabalha num bar e n\u00e3o num hospital como diz. Rodrigo telefona a Luciana.<\/p>\n<p>Paz discute com Luciana por n\u00e3o ter contado a Magda que, afinal, Violeta n\u00e3o era enfermeira como dizia. Magda pede a Luciana que a leve ao bar onde a filha trabalha. Maximino diz a Roselena que a reuni\u00e3o que tinha \u00e0 noite se atrasou. Vicky v\u00ea que Maximino lhe telefona, mas ela decide n\u00e3o atender. Rodrigo \u00e9 convidado para um jantar de despedida de Clara, mas ele decide n\u00e3o comparecer. Violeta ouve Paz dizer a Magda que ir\u00e1 magoar Luciana quando decidir dizer-lhe que ela \u00e9 filha de Cl\u00e1udio e Aurora.<\/p>\n<p>(*) edi\u00e7\u00e3o das novelas do SBT, \u201cUm Ref\u00fagio para o Amor\u201d, sujeito a altera\u00e7\u00e3o de data e conte\u00fado.<\/p>\n<p>Sinopse \u201cUm Ref\u00fagio para o Amor\u201d: Uma hist\u00f3ria de amor entre uma jovem linda, humilde, simples e trabalhadora que gera admira\u00e7\u00e3o entre os homens e inveja entre as mulheres, e que \u00e9 obrigada a fugir de sua cidade, para a capital, encontrando o amor em um homem rico, bonito, de classe, arrogante, amante de esportes radicais e com fama de conquistador, mas que \u00e9 generoso e atencioso. Eles ter\u00e3o que passar por muitas dificuldades para ficarem juntos.<\/p>\n<p>Estrelado por Zuria Vega e Gabriel Soto com um elenco de primeira classe, incluindo Jessica Coch, Roberto Bland\u00f3n, Laura Flores, Jos\u00e9 Carlos Ruiz, entre outros. Um ref\u00fagio para o amor \u00e9 uma novela mexicana produzida por Ignacio Sada Madero, originalmente por Delia Fiallo e adaptada por Georgina Tinoco. <\/p>\n","protected":false},"excerpt":{"rendered":"<p>Resumo da novela \u201cUm Ref\u00fagio para o Amor\u201d em 15\/09: no cap\u00edtulo 060(*) da novela, Cl\u00e1udio comenta que gostou muito da fam\u00edlia de Luciana e que se nota que foi criada com muito amor. Aldo procura Vicky, mas ela manda-o embora porque correm ambos o risco de morrer nas m\u00e3os de Maximino. Roselena oferece dinheiro [&hellip;]<\/p>\n","protected":false},"author":2,"featured_media":233921,"comment_status":"closed","ping_status":"closed","sticky":false,"template":"","format":"standard","meta":{"tdm_status":"","tdm_grid_status":"","footnotes":""},"categories":[379,2025,372,343,2310],"tags":[441],"class_list":{"0":"post-237096","1":"post","2":"type-post","3":"status-publish","4":"format-standard","5":"has-post-thumbnail","7":"category-novelas","8":"category-resumo","9":"category-sbt","10":"category-televisao","11":"category-um-refugio-para-o-amor","12":"tag-resumo-do-dia"},"_links":{"self":[{"href":"https:\/\/migracao.redenoticia.com.br\/noticia\/wp-json\/wp\/v2\/posts\/237096","targetHints":{"allow":["GET"]}}],"collection":[{"href":"https:\/\/migracao.redenoticia.com.br\/noticia\/wp-json\/wp\/v2\/posts"}],"about":[{"href":"https:\/\/migracao.redenoticia.com.br\/noticia\/wp-json\/wp\/v2\/types\/post"}],"author":[{"embeddable":true,"href":"https:\/\/migracao.redenoticia.com.br\/noticia\/wp-json\/wp\/v2\/users\/2"}],"replies":[{"embeddable":true,"href":"https:\/\/migracao.redenoticia.com.br\/noticia\/wp-json\/wp\/v2\/comments?post=237096"}],"version-history":[{"count":0,"href":"https:\/\/migracao.redenoticia.com.br\/noticia\/wp-json\/wp\/v2\/posts\/237096\/revisions"}],"wp:featuredmedia":[{"embeddable":true,"href":"https:\/\/migracao.redenoticia.com.br\/noticia\/wp-json\/wp\/v2\/media\/233921"}],"wp:attachment":[{"href":"https:\/\/migracao.redenoticia.com.br\/noticia\/wp-json\/wp\/v2\/media?parent=237096"}],"wp:term":[{"taxonomy":"category","embeddable":true,"href":"https:\/\/migracao.redenoticia.com.br\/noticia\/wp-json\/wp\/v2\/categories?post=237096"},{"taxonomy":"post_tag","embeddable":true,"href":"https:\/\/migracao.redenoticia.com.br\/noticia\/wp-json\/wp\/v2\/tags?post=237096"}],"curies":[{"name":"wp","href":"https:\/\/api.w.org\/{rel}","templated":true}]}}