{"id":237097,"date":"2023-09-14T13:59:21","date_gmt":"2023-09-14T16:59:21","guid":{"rendered":"https:\/\/www.redenoticia.com.br\/noticia\/?p=237097"},"modified":"2023-09-14T13:59:21","modified_gmt":"2023-09-14T16:59:21","slug":"resumo-a-infancia-de-romeu-e-julieta-15-09-daniel-admite-que-esta-triste","status":"publish","type":"post","link":"https:\/\/migracao.redenoticia.com.br\/noticia\/2023\/resumo-a-infancia-de-romeu-e-julieta-15-09-daniel-admite-que-esta-triste\/237097","title":{"rendered":"Resumo \u201cA Inf\u00e2ncia de Romeu e Julieta\u201d 15\/09: Daniel admite que est\u00e1 triste"},"content":{"rendered":"<p> <img loading=\"lazy\" decoding=\"async\" src=\"https:\/\/migracao.redenoticia.com.br\/noticia\/imagens\/novela-romeu-e-julieta-sbt-elenco-resumo.jpg\" alt=\"\" width=\"1280\" height=\"720\" class=\"aligncenter size-full wp-image-232242\" srcset=\"https:\/\/migracao.redenoticia.com.br\/noticia\/imagens\/novela-romeu-e-julieta-sbt-elenco-resumo.jpg 1280w, https:\/\/migracao.redenoticia.com.br\/noticia\/imagens\/novela-romeu-e-julieta-sbt-elenco-resumo-250x140.jpg 250w, https:\/\/migracao.redenoticia.com.br\/noticia\/imagens\/novela-romeu-e-julieta-sbt-elenco-resumo-400x225.jpg 400w, https:\/\/migracao.redenoticia.com.br\/noticia\/imagens\/novela-romeu-e-julieta-sbt-elenco-resumo-768x432.jpg 768w, https:\/\/migracao.redenoticia.com.br\/noticia\/imagens\/novela-romeu-e-julieta-sbt-elenco-resumo-150x84.jpg 150w\" sizes=\"auto, (max-width: 1280px) 100vw, 1280px\" \/><\/p>\n<p><strong><em>Resumo da novela \u201cA Inf\u00e2ncia de Romeu e Julieta\u201d<\/em><\/strong> em 15\/09: no cap\u00edtulo 095(*) da novela, Enzo se encontra separadamente com H\u00e9lio e Leandro, e se oferece para trabalhar meio per\u00edodo na Monter e meio per\u00edodo no CEC. Campos e Monteiro d\u00e3o os respectivos vereditos. No CEC, Julieta sinaliza a Romeu que deixou um envelope na mesa da lanchonete com a foto solicitada. Gl\u00e1ucia e Fred aparecem na exposi\u00e7\u00e3o do instituto e gravam conte\u00fado no local, mas Bernardo n\u00e3o gosta do comportamento expansivo da irm\u00e3. <\/p>\n<p>Gl\u00e1ucia leva um tombo no instituto e \u00e9 flagrada pelo p\u00fablico. Daniel admite para Julieta que est\u00e1 triste por Mariana se aproximar de Mauro. Telma senta na mesa que Julieta deixou o envelope, Romeu pega o documento na mesa, por\u00e9m, posteriormente, ele descobre que pegou uma papelada que pertencia a Telma. Daniel diz para Mariana que Julieta quer conversar com eles dois sobre a escola, Mariana resolve desmarcar o compromisso com Mauro. <\/p>\n<p>Julieta e Daniel fazem um almo\u00e7o como um plano para afastar Mariana de Mauro. Leandro visualiza na internet a foto do tombo da Gl\u00e1ucia e briga com a filha. T\u00e9o e Patrick est\u00e3o em busca de um bom jogador para completar o time, eles ficam impressionados com o talento de uma nova menina, Sofia. Sem saber o nome e endere\u00e7o, as crian\u00e7as do Lado Vila procuram Sofia pelo bairro. <\/p>\n<p>Julieta resolve se reunir com os amigos e deixar os pais a s\u00f3s. Mariana se diverte com Daniel, mas decide ir embora para se encontrar com Mauro. Romeu vai at\u00e9 a casa de Karen para buscar o envelope que ficou com Telma. L\u00edvia o ajuda em sua miss\u00e3o.<\/p>\n<p>(*) edi\u00e7\u00e3o das novelas do SBT, \u201cA Inf\u00e2ncia de Romeu e Julieta\u201d, sujeito a altera\u00e7\u00e3o de data e conte\u00fado.<\/p>\n<p>Sinopse \u201cA Inf\u00e2ncia de Romeu e Julieta\u201d: A Trama se passa no bairro chamado castanheiras, em que duas fam\u00edlias com propostas diferentes para esse bairro vivem em disc\u00f3rdia, sendo divididas entre os lados Torre (Campos) e Vila (Monteiro).[6] Entretanto, Romeu (Miguel \u00c2ngelo) e Julieta (Vitt\u00f3ria Seixas) se conhecem, da\u00ed em diante, as fam\u00edlias rivais t\u00eam uma nova oportunidade de trazer paz e uni\u00e3o entre o conv\u00edvio deles. <\/p>\n<p>Romeu e Julieta n\u00e3o sabem como v\u00e3o fazer para ficarem juntos. A not\u00edcia do romance chega \u00e0s fam\u00edlias, que n\u00e3o gostam nada da hist\u00f3ria e tratam de afasta-los imediatamente, aprontando v\u00e1rias situa\u00e7\u00f5es. Romeu e Julieta querem acabar com essa hostilidade e tentam ir atr\u00e1s de uma solu\u00e7\u00e3o, mas ao descobrirem mais sobre a hist\u00f3ria de seus pais, percebem que pode ser imposs\u00edvel.<\/p>\n","protected":false},"excerpt":{"rendered":"<p>Resumo da novela \u201cA Inf\u00e2ncia de Romeu e Julieta\u201d em 15\/09: no cap\u00edtulo 095(*) da novela, Enzo se encontra separadamente com H\u00e9lio e Leandro, e se oferece para trabalhar meio per\u00edodo na Monter e meio per\u00edodo no CEC. Campos e Monteiro d\u00e3o os respectivos vereditos. No CEC, Julieta sinaliza a Romeu que deixou um envelope [&hellip;]<\/p>\n","protected":false},"author":3,"featured_media":232241,"comment_status":"closed","ping_status":"closed","sticky":false,"template":"","format":"standard","meta":{"tdm_status":"","tdm_grid_status":"","footnotes":""},"categories":[2306,379,2025,372,343],"tags":[441],"class_list":{"0":"post-237097","1":"post","2":"type-post","3":"status-publish","4":"format-standard","5":"has-post-thumbnail","7":"category-novela-romeu-e-julieta","8":"category-novelas","9":"category-resumo","10":"category-sbt","11":"category-televisao","12":"tag-resumo-do-dia"},"_links":{"self":[{"href":"https:\/\/migracao.redenoticia.com.br\/noticia\/wp-json\/wp\/v2\/posts\/237097","targetHints":{"allow":["GET"]}}],"collection":[{"href":"https:\/\/migracao.redenoticia.com.br\/noticia\/wp-json\/wp\/v2\/posts"}],"about":[{"href":"https:\/\/migracao.redenoticia.com.br\/noticia\/wp-json\/wp\/v2\/types\/post"}],"author":[{"embeddable":true,"href":"https:\/\/migracao.redenoticia.com.br\/noticia\/wp-json\/wp\/v2\/users\/3"}],"replies":[{"embeddable":true,"href":"https:\/\/migracao.redenoticia.com.br\/noticia\/wp-json\/wp\/v2\/comments?post=237097"}],"version-history":[{"count":0,"href":"https:\/\/migracao.redenoticia.com.br\/noticia\/wp-json\/wp\/v2\/posts\/237097\/revisions"}],"wp:featuredmedia":[{"embeddable":true,"href":"https:\/\/migracao.redenoticia.com.br\/noticia\/wp-json\/wp\/v2\/media\/232241"}],"wp:attachment":[{"href":"https:\/\/migracao.redenoticia.com.br\/noticia\/wp-json\/wp\/v2\/media?parent=237097"}],"wp:term":[{"taxonomy":"category","embeddable":true,"href":"https:\/\/migracao.redenoticia.com.br\/noticia\/wp-json\/wp\/v2\/categories?post=237097"},{"taxonomy":"post_tag","embeddable":true,"href":"https:\/\/migracao.redenoticia.com.br\/noticia\/wp-json\/wp\/v2\/tags?post=237097"}],"curies":[{"name":"wp","href":"https:\/\/api.w.org\/{rel}","templated":true}]}}