{"id":237099,"date":"2023-09-14T13:57:42","date_gmt":"2023-09-14T16:57:42","guid":{"rendered":"https:\/\/www.redenoticia.com.br\/noticia\/?p=237099"},"modified":"2023-09-14T13:57:42","modified_gmt":"2023-09-14T16:57:42","slug":"resumo-sera-isso-amor-15-09-eda-consegue-localizar-responsavel-pela-morte-dos-pais","status":"publish","type":"post","link":"https:\/\/migracao.redenoticia.com.br\/noticia\/2023\/resumo-sera-isso-amor-15-09-eda-consegue-localizar-responsavel-pela-morte-dos-pais\/237099","title":{"rendered":"Resumo \u201cSer\u00e1 Isso Amor?\u201d 15\/09: Eda consegue localizar respons\u00e1vel pela morte dos pais"},"content":{"rendered":"<p> <img loading=\"lazy\" decoding=\"async\" class=\"aligncenter size-full wp-image-235988\" src=\"https:\/\/migracao.redenoticia.com.br\/noticia\/imagens\/novela-sera-isso-amor-tnt-resumo-elenco.jpg\" alt=\"\" width=\"1280\" height=\"720\" srcset=\"https:\/\/migracao.redenoticia.com.br\/noticia\/imagens\/novela-sera-isso-amor-tnt-resumo-elenco.jpg 1280w, https:\/\/migracao.redenoticia.com.br\/noticia\/imagens\/novela-sera-isso-amor-tnt-resumo-elenco-250x140.jpg 250w, https:\/\/migracao.redenoticia.com.br\/noticia\/imagens\/novela-sera-isso-amor-tnt-resumo-elenco-400x225.jpg 400w, https:\/\/migracao.redenoticia.com.br\/noticia\/imagens\/novela-sera-isso-amor-tnt-resumo-elenco-768x432.jpg 768w, https:\/\/migracao.redenoticia.com.br\/noticia\/imagens\/novela-sera-isso-amor-tnt-resumo-elenco-150x84.jpg 150w\" sizes=\"auto, (max-width: 1280px) 100vw, 1280px\" \/><\/p>\n<p><strong><em>Resumo da novela \u201cSer\u00e1 Isso Amor?\u201d<\/em><\/strong> em 15\/09: no cap\u00edtulo 060(*) da novela, Serkan n\u00e3o aguenta mais e revela seu segredo para Eda. Destru\u00edda, ela vai ver Alptekin para enfrent\u00e1-lo e ele pede desculpas, mas n\u00e3o adianta. \u201cNunca vou esquecer isso, \u00e9 desprez\u00edvel\u201d, diz antes de sair. Assim que descobrem o que aconteceu com sua amiga, Melek, Ceren e Figen sugerem que deixem a cidade para fazer terapia. O resultado acalma o cora\u00e7\u00e3o de Eda e a ajuda a tomar uma decis\u00e3o: \u201cEmbora Serkan n\u00e3o tenha nada a ver com isso, ele escondeu de mim. Eu n\u00e3o posso confiar nele. Acabou-se&#8221;.<\/p>\n<p>Eda, que quer ir para longe com suas amigas para descansar a cabe\u00e7a, tenta deixar Serkan s\u00f3brio. Selin, entretanto, deixa escapar algo na frente dele. &#8230; <em>Em detalhes,<\/em> Eda consegue localizar Kadir Osturk, o subempreiteiro respons\u00e1vel pela obra onde seus pais morreram, e marca um encontro com ele. &#8220;Voc\u00ea acabou com a minha felicidade e meu \u00fanico desejo \u00e9 que voc\u00ea nunca encontre a paz&#8221;, diz quando est\u00e1 \u00e0 sua frente. Ayfer est\u00e1 animada para receber outro pedido em sua empresa de catering. No entanto, quando ela descobre que \u00e9 para o jantar de caridade de Aydan e que ela tem que fazer seiscentos bolos, ela n\u00e3o tem vontade e decide recusar. &#8220;Claro que voc\u00ea pode. Nos meus hot\u00e9is temos cozinhas equipadas e muitos empregados\u201d, convence-a Ferit. <\/p>\n<p>(*) edi\u00e7\u00e3o das novelas da TNT\/HBO, \u201cSer\u00e1 Isso Amor?\u201d, sujeito a altera\u00e7\u00e3o de data e conte\u00fado.<\/p>\n<p>Sinopse &#8220;Ser\u00e1 Isso Amor?&#8221;: (Primeira Temporada) Eda n\u00e3o consegue concluir sua gradua\u00e7\u00e3o na faculdade de arquitetura paisag\u00edstica por causa de Serkan Bolat. Serkan tem uma ex-namorada, Selin, que ficou noiva recentemente ap\u00f3s o rompimento. Para recuper\u00e1-la, Serkan oferece a Eda um contrato segundo o qual ela deve fingir ser sua noiva por dois meses. Ela aceita a oferta e n\u00e3o demora para surgir algo entre eles. <\/p>\n<p>(Segunda Temporada) Serkan e Eda passam por momentos dif\u00edceis durante o tratamento de c\u00e2ncer dele, que fica obcecado com sua doen\u00e7a e que vira um homem completamente diferente ap\u00f3s sobreviver. Serkan volta a se concentrar apenas em seu trabalho, que aos poucos o afasta de Eda. Mais tarde, ela vai para a It\u00e1lia para concluir seus estudos, enquanto Serkan continua com sua vida. Mas quando eles finalmente se reencontram ap\u00f3s 5 longos anos, a vida tem uma surpresa para ambos.<\/p>\n","protected":false},"excerpt":{"rendered":"<p>Resumo da novela \u201cSer\u00e1 Isso Amor?\u201d em 15\/09: no cap\u00edtulo 060(*) da novela, Serkan n\u00e3o aguenta mais e revela seu segredo para Eda. Destru\u00edda, ela vai ver Alptekin para enfrent\u00e1-lo e ele pede desculpas, mas n\u00e3o adianta. \u201cNunca vou esquecer isso, \u00e9 desprez\u00edvel\u201d, diz antes de sair. Assim que descobrem o que aconteceu com sua [&hellip;]<\/p>\n","protected":false},"author":4,"featured_media":235990,"comment_status":"closed","ping_status":"closed","sticky":false,"template":"","format":"standard","meta":{"tdm_status":"","tdm_grid_status":"","footnotes":""},"categories":[379,2025,2316,343,2315],"tags":[441],"class_list":{"0":"post-237099","1":"post","2":"type-post","3":"status-publish","4":"format-standard","5":"has-post-thumbnail","7":"category-novelas","8":"category-resumo","9":"category-sera-isso-amor","10":"category-televisao","11":"category-tnt","12":"tag-resumo-do-dia"},"_links":{"self":[{"href":"https:\/\/migracao.redenoticia.com.br\/noticia\/wp-json\/wp\/v2\/posts\/237099","targetHints":{"allow":["GET"]}}],"collection":[{"href":"https:\/\/migracao.redenoticia.com.br\/noticia\/wp-json\/wp\/v2\/posts"}],"about":[{"href":"https:\/\/migracao.redenoticia.com.br\/noticia\/wp-json\/wp\/v2\/types\/post"}],"author":[{"embeddable":true,"href":"https:\/\/migracao.redenoticia.com.br\/noticia\/wp-json\/wp\/v2\/users\/4"}],"replies":[{"embeddable":true,"href":"https:\/\/migracao.redenoticia.com.br\/noticia\/wp-json\/wp\/v2\/comments?post=237099"}],"version-history":[{"count":0,"href":"https:\/\/migracao.redenoticia.com.br\/noticia\/wp-json\/wp\/v2\/posts\/237099\/revisions"}],"wp:featuredmedia":[{"embeddable":true,"href":"https:\/\/migracao.redenoticia.com.br\/noticia\/wp-json\/wp\/v2\/media\/235990"}],"wp:attachment":[{"href":"https:\/\/migracao.redenoticia.com.br\/noticia\/wp-json\/wp\/v2\/media?parent=237099"}],"wp:term":[{"taxonomy":"category","embeddable":true,"href":"https:\/\/migracao.redenoticia.com.br\/noticia\/wp-json\/wp\/v2\/categories?post=237099"},{"taxonomy":"post_tag","embeddable":true,"href":"https:\/\/migracao.redenoticia.com.br\/noticia\/wp-json\/wp\/v2\/tags?post=237099"}],"curies":[{"name":"wp","href":"https:\/\/api.w.org\/{rel}","templated":true}]}}