{"id":237107,"date":"2023-09-14T14:13:34","date_gmt":"2023-09-14T17:13:34","guid":{"rendered":"https:\/\/www.redenoticia.com.br\/noticia\/?p=237107"},"modified":"2023-09-14T14:13:34","modified_gmt":"2023-09-14T17:13:34","slug":"resumo-fuzue-15-09-rui-se-alia-a-preciosa","status":"publish","type":"post","link":"https:\/\/migracao.redenoticia.com.br\/noticia\/2023\/resumo-fuzue-15-09-rui-se-alia-a-preciosa\/237107","title":{"rendered":"Resumo \u201cFuzu\u00ea\u201d 15\/09: Rui se alia a Preciosa"},"content":{"rendered":"<p> <img loading=\"lazy\" decoding=\"async\" src=\"https:\/\/migracao.redenoticia.com.br\/noticia\/imagens\/fuzue-novela-resumo-elenco-globo.jpg\" alt=\"\" width=\"1280\" height=\"720\" class=\"aligncenter size-full wp-image-235541\" srcset=\"https:\/\/migracao.redenoticia.com.br\/noticia\/imagens\/fuzue-novela-resumo-elenco-globo.jpg 1280w, https:\/\/migracao.redenoticia.com.br\/noticia\/imagens\/fuzue-novela-resumo-elenco-globo-250x140.jpg 250w, https:\/\/migracao.redenoticia.com.br\/noticia\/imagens\/fuzue-novela-resumo-elenco-globo-400x225.jpg 400w, https:\/\/migracao.redenoticia.com.br\/noticia\/imagens\/fuzue-novela-resumo-elenco-globo-768x432.jpg 768w, https:\/\/migracao.redenoticia.com.br\/noticia\/imagens\/fuzue-novela-resumo-elenco-globo-150x84.jpg 150w\" sizes=\"auto, (max-width: 1280px) 100vw, 1280px\" \/> <\/p>\n<p><strong><em>Resumo da novela \u201cFuzu\u00ea\u201d<\/em><\/strong> em 15\/09: no cap\u00edtulo 029(*) da novela, Barreto ajuda Luna. Rui se alia a Preciosa. Pascoal tenta conhecer Cec\u00edlia melhor. Nero comenta com os funcion\u00e1rios sobre o roubo no dep\u00f3sito. Miguel pensa em Luna. Luna decide procurar Cata Ouro. Soraya vai \u00e0 delegacia visitar Merreca. Preciosa conta para Heitor sobre sua alian\u00e7a com Rui. Ol\u00edvia procura Miguel. <\/p>\n<p>Bebel avisa a Preciosa que se afastar\u00e1 da Conde de Montebello. Gl\u00e1ucia faz uma revela\u00e7\u00e3o sobre a m\u00e3e de Luna. Merreca conta para Soraya como sabia da carta que Maria Navalha escreveu para a filha e como ela quase morreu em Paraty. Cec\u00edlia encontra Pascoal e tenta conter sua raiva. Preciosa tem uma ideia para comprovar as den\u00fancias contra Nero. Merreca decide falar para Barreto sobre Heitor. Luna confronta Rejane.<\/p>\n<p>(*) edi\u00e7\u00e3o das novelas da Globo, \u201cFuzu\u00ea\u201d, sujeito a altera\u00e7\u00e3o de data e conte\u00fado.<\/p>\n<p>Sinopse \u201cFuzu\u00ea\u201d: Luna (Giovana Cordeiro) \u00e9 uma jovem carism\u00e1tica e batalhadora que se empenha em procurar sua m\u00e3e, Maria Navalha (Ol\u00edvia Ara\u00fajo), vista pela \u00faltima vez na loja Fuzu\u00ea. Durante a investiga\u00e7\u00e3o, Luna se apaixona pelo advogado Miguel (Nicolas Prattes), um dos filhos do empres\u00e1rio e ex-feirante Nero (Edson Celulari), dono da \u201cFuzu\u00ea\u201d. Miguel disputa o amor de Luna com Jefinho Sem Vergonha (Micael Borges), um motorista de aplicativo. Luna tem como sua melhor amiga Soraya Terremoto (Heslaine Vieira), dan\u00e7arina do Beco do Gamb\u00e1, que vive uma rela\u00e7\u00e3o calorosa com Francisco (Michel Joelsas), um dos herdeiros da Fuzu\u00ea, e rejeita as investidas de Merreca (Ruan Aguiar).<\/p>\n<p>Enquanto isso, a gananciosa Preciosa Montebello (Marina Ruy Barbosa), uma poderosa empres\u00e1ria, casada com o corrupto pol\u00edtico Heitor (Felipe Simas), recebe como heran\u00e7a do pai, C\u00e9sar (Leopoldo Pacheco), documentos que indicam a localiza\u00e7\u00e3o de uma fortuna escondida nos terrenos da Fuzu\u00ea. Em meio \u00e0 papelada descobre a exist\u00eancia de uma meia-irm\u00e3, Luna, com quem ela deve dividir o seu patrim\u00f4nio. Preciosa faz o poss\u00edvel para comprar e demolir a loja \u201cFuzu\u00ea\u201d. <\/p>\n","protected":false},"excerpt":{"rendered":"<p>Resumo da novela \u201cFuzu\u00ea\u201d em 15\/09: no cap\u00edtulo 029(*) da novela, Barreto ajuda Luna. Rui se alia a Preciosa. Pascoal tenta conhecer Cec\u00edlia melhor. Nero comenta com os funcion\u00e1rios sobre o roubo no dep\u00f3sito. Miguel pensa em Luna. Luna decide procurar Cata Ouro. Soraya vai \u00e0 delegacia visitar Merreca. Preciosa conta para Heitor sobre sua [&hellip;]<\/p>\n","protected":false},"author":3,"featured_media":235540,"comment_status":"closed","ping_status":"closed","sticky":false,"template":"","format":"standard","meta":{"tdm_status":"","tdm_grid_status":"","footnotes":""},"categories":[2314,379,375,2025,343],"tags":[441],"class_list":{"0":"post-237107","1":"post","2":"type-post","3":"status-publish","4":"format-standard","5":"has-post-thumbnail","7":"category-fuzue","8":"category-novelas","9":"category-rede-globo","10":"category-resumo","11":"category-televisao","12":"tag-resumo-do-dia"},"_links":{"self":[{"href":"https:\/\/migracao.redenoticia.com.br\/noticia\/wp-json\/wp\/v2\/posts\/237107","targetHints":{"allow":["GET"]}}],"collection":[{"href":"https:\/\/migracao.redenoticia.com.br\/noticia\/wp-json\/wp\/v2\/posts"}],"about":[{"href":"https:\/\/migracao.redenoticia.com.br\/noticia\/wp-json\/wp\/v2\/types\/post"}],"author":[{"embeddable":true,"href":"https:\/\/migracao.redenoticia.com.br\/noticia\/wp-json\/wp\/v2\/users\/3"}],"replies":[{"embeddable":true,"href":"https:\/\/migracao.redenoticia.com.br\/noticia\/wp-json\/wp\/v2\/comments?post=237107"}],"version-history":[{"count":0,"href":"https:\/\/migracao.redenoticia.com.br\/noticia\/wp-json\/wp\/v2\/posts\/237107\/revisions"}],"wp:featuredmedia":[{"embeddable":true,"href":"https:\/\/migracao.redenoticia.com.br\/noticia\/wp-json\/wp\/v2\/media\/235540"}],"wp:attachment":[{"href":"https:\/\/migracao.redenoticia.com.br\/noticia\/wp-json\/wp\/v2\/media?parent=237107"}],"wp:term":[{"taxonomy":"category","embeddable":true,"href":"https:\/\/migracao.redenoticia.com.br\/noticia\/wp-json\/wp\/v2\/categories?post=237107"},{"taxonomy":"post_tag","embeddable":true,"href":"https:\/\/migracao.redenoticia.com.br\/noticia\/wp-json\/wp\/v2\/tags?post=237107"}],"curies":[{"name":"wp","href":"https:\/\/api.w.org\/{rel}","templated":true}]}}