{"id":237168,"date":"2023-09-17T16:50:55","date_gmt":"2023-09-17T19:50:55","guid":{"rendered":"https:\/\/www.redenoticia.com.br\/noticia\/?p=237168"},"modified":"2023-09-18T21:09:52","modified_gmt":"2023-09-19T00:09:52","slug":"resumo-iludida-18-09-o-sequestrador-faruk-atormenta-derin","status":"publish","type":"post","link":"https:\/\/migracao.redenoticia.com.br\/noticia\/2023\/resumo-iludida-18-09-o-sequestrador-faruk-atormenta-derin\/237168","title":{"rendered":"Resumo \u201cIludida\u201d 18\/09: O sequestrador Faruk atormenta Derin"},"content":{"rendered":"<p><img loading=\"lazy\" decoding=\"async\" class=\"aligncenter size-full wp-image-235992\" src=\"https:\/\/migracao.redenoticia.com.br\/noticia\/imagens\/novela-iludida-logo-resumo-canal-tnt.jpg\" alt=\"\" width=\"1280\" height=\"720\" srcset=\"https:\/\/migracao.redenoticia.com.br\/noticia\/imagens\/novela-iludida-logo-resumo-canal-tnt.jpg 1280w, https:\/\/migracao.redenoticia.com.br\/noticia\/imagens\/novela-iludida-logo-resumo-canal-tnt-250x140.jpg 250w, https:\/\/migracao.redenoticia.com.br\/noticia\/imagens\/novela-iludida-logo-resumo-canal-tnt-400x225.jpg 400w, https:\/\/migracao.redenoticia.com.br\/noticia\/imagens\/novela-iludida-logo-resumo-canal-tnt-768x432.jpg 768w, https:\/\/migracao.redenoticia.com.br\/noticia\/imagens\/novela-iludida-logo-resumo-canal-tnt-150x84.jpg 150w\" sizes=\"auto, (max-width: 1280px) 100vw, 1280px\" \/><\/p>\n<p><strong><em>Resumo da novela \u201cIludida\u201d<\/em><\/strong> em 18\/09: no cap\u00edtulo 061(*) da novela, Sel\u00e7uk vai at\u00e9 a loja e faz perguntas a Didem. Suspeita que a mulher esteja escondendo algo. Sel\u00e7uk mostra \u00e0 pol\u00edcia que Derin n\u00e3o \u00e9 uma pessoa t\u00e3o boa quanto eles pensam e que ela manipulou e postou o v\u00eddeo de Volkan e Asya nas redes sociais. A pol\u00edcia vai ao hospital e tenta descobrir a identidade do mensageiro que trouxe o envelope com o USB. Os policiais tamb\u00e9m querem os registros de Derin e dos pacientes de Asya. Volkan vai falar com Asya.<\/p>\n<p>Ap\u00f3s o desaparecimento de Derin, Volkan tenta se aproximar de Asya. \u00c9 revelado que Derin foi realmente sequestrada. O sequestrador atormenta Derin. Por outro lado, Sinan e Asya continuam conversando. &#8230; <em>Em detalhes,<\/em> Volkan percebe que Derin est\u00e1 planejando todo esse sequestro. Ele tem quase certeza disso quando se lembra das conversas com a esposa, da mensagem, do di\u00e1rio, da compra do carro naquele dia. Volkan est\u00e1 errado&#8230;Contra todas as probabilidades, Derin foi sequestrada e \u00e9 mantida em uma cabana constru\u00edda nos arredores da cidade. Seus sequestradores s\u00e3o Faruk e Nazan. Ambos decidiram fazer a jovem G\u00fc\u00e7l\u00fc desaparecer porque pensam que ela \u00e9 um obst\u00e1culo para a felicidade de Asya. <\/p>\n<p>Volkan acredita que tudo que est\u00e1 acontecendo \u00e9 um plano de Derin. Os sequestradores de Derin ainda a mant\u00e9m como ref\u00e9m. Volkan n\u00e3o consegue lidar com tudo e abre seu cora\u00e7\u00e3o para Bahar. Asya, por outro lado, continua tentando superar tudo. &#8230; <em>Em detalhes,<\/em> Volkan come\u00e7a a ligar os pontos e a suspeitar que foi sua pr\u00f3pria esposa quem organizou o sequestro. &#8220;Tenho certeza que ela quer culpar a mim e a Asya por destruir nossas vidas&#8221;, ele reflete em seu carro a caminho da casa da m\u00e9dica. Uma vez dentro da casa, ele compartilha seus \u00faltimos pensamentos com Asya. <\/p>\n<p>(*) edi\u00e7\u00e3o das novelas da TNT\/HBO, \u201cIludida\u201d, sujeito a altera\u00e7\u00e3o de data e conte\u00fado.<\/p>\n<p>Sinopse &#8220;Iludida&#8221;: Com apenas 37 anos, Asya \u00e9 vice-diretora e m\u00e9dica em um hospital da cidade de Tekirdag. Al\u00e9m de ter uma carreira profissional de sucesso, leva uma vida tranquila com o seu marido Volkan e seu filho Ali. Ela parece ter tudo: um trabalho perfeito, uma casa linda e uma fam\u00edlia feliz. Asya se sente a mulher mais sortuda do mundo, o que mais ela poderia pedir? Tudo na sua vida parecia ser cor-de-rosa, at\u00e9 que ela descobre um cabelo loiro no cachecol do seu marido, o que a transforma em uma pessoa obsessiva e incapaz de confiar nas pessoas ao seu redor. Por\u00e9m, ela n\u00e3o se engana em desconfiar deles: aos poucos, Asya descobre uma rede de mentiras que a leva a perceber que a sua vida n\u00e3o era t\u00e3o perfeita como ela pensava. <\/p>\n","protected":false},"excerpt":{"rendered":"<p>Resumo da novela \u201cIludida\u201d em 18\/09: no cap\u00edtulo 061(*) da novela, Sel\u00e7uk vai at\u00e9 a loja e faz perguntas a Didem. Suspeita que a mulher esteja escondendo algo. Sel\u00e7uk mostra \u00e0 pol\u00edcia que Derin n\u00e3o \u00e9 uma pessoa t\u00e3o boa quanto eles pensam e que ela manipulou e postou o v\u00eddeo de Volkan e Asya [&hellip;]<\/p>\n","protected":false},"author":2,"featured_media":235991,"comment_status":"closed","ping_status":"closed","sticky":false,"template":"","format":"standard","meta":{"tdm_status":"","tdm_grid_status":"","footnotes":""},"categories":[2317,379,2025,343,2315],"tags":[441],"class_list":{"0":"post-237168","1":"post","2":"type-post","3":"status-publish","4":"format-standard","5":"has-post-thumbnail","7":"category-iludida","8":"category-novelas","9":"category-resumo","10":"category-televisao","11":"category-tnt","12":"tag-resumo-do-dia"},"_links":{"self":[{"href":"https:\/\/migracao.redenoticia.com.br\/noticia\/wp-json\/wp\/v2\/posts\/237168","targetHints":{"allow":["GET"]}}],"collection":[{"href":"https:\/\/migracao.redenoticia.com.br\/noticia\/wp-json\/wp\/v2\/posts"}],"about":[{"href":"https:\/\/migracao.redenoticia.com.br\/noticia\/wp-json\/wp\/v2\/types\/post"}],"author":[{"embeddable":true,"href":"https:\/\/migracao.redenoticia.com.br\/noticia\/wp-json\/wp\/v2\/users\/2"}],"replies":[{"embeddable":true,"href":"https:\/\/migracao.redenoticia.com.br\/noticia\/wp-json\/wp\/v2\/comments?post=237168"}],"version-history":[{"count":0,"href":"https:\/\/migracao.redenoticia.com.br\/noticia\/wp-json\/wp\/v2\/posts\/237168\/revisions"}],"wp:featuredmedia":[{"embeddable":true,"href":"https:\/\/migracao.redenoticia.com.br\/noticia\/wp-json\/wp\/v2\/media\/235991"}],"wp:attachment":[{"href":"https:\/\/migracao.redenoticia.com.br\/noticia\/wp-json\/wp\/v2\/media?parent=237168"}],"wp:term":[{"taxonomy":"category","embeddable":true,"href":"https:\/\/migracao.redenoticia.com.br\/noticia\/wp-json\/wp\/v2\/categories?post=237168"},{"taxonomy":"post_tag","embeddable":true,"href":"https:\/\/migracao.redenoticia.com.br\/noticia\/wp-json\/wp\/v2\/tags?post=237168"}],"curies":[{"name":"wp","href":"https:\/\/api.w.org\/{rel}","templated":true}]}}