{"id":237178,"date":"2023-09-16T19:55:09","date_gmt":"2023-09-16T22:55:09","guid":{"rendered":"https:\/\/www.redenoticia.com.br\/noticia\/?p=237178"},"modified":"2023-09-16T19:55:09","modified_gmt":"2023-09-16T22:55:09","slug":"resumo-terra-e-paixao-18-09-jonatas-agradece-agatha-por-ter-salvado-sua-vida","status":"publish","type":"post","link":"https:\/\/migracao.redenoticia.com.br\/noticia\/2023\/resumo-terra-e-paixao-18-09-jonatas-agradece-agatha-por-ter-salvado-sua-vida\/237178","title":{"rendered":"Resumo &#8220;Terra e Paix\u00e3o&#8221; 18\/09: Jonatas agradece Agatha por ter salvado sua vida"},"content":{"rendered":"<p> <img loading=\"lazy\" decoding=\"async\" src=\"https:\/\/migracao.redenoticia.com.br\/noticia\/imagens\/novela-terra-e-paixao-resumo.jpg\" alt=\"\" width=\"1280\" height=\"720\" class=\"aligncenter size-full wp-image-231930\" srcset=\"https:\/\/migracao.redenoticia.com.br\/noticia\/imagens\/novela-terra-e-paixao-resumo.jpg 1280w, https:\/\/migracao.redenoticia.com.br\/noticia\/imagens\/novela-terra-e-paixao-resumo-250x140.jpg 250w, https:\/\/migracao.redenoticia.com.br\/noticia\/imagens\/novela-terra-e-paixao-resumo-400x225.jpg 400w, https:\/\/migracao.redenoticia.com.br\/noticia\/imagens\/novela-terra-e-paixao-resumo-768x432.jpg 768w, https:\/\/migracao.redenoticia.com.br\/noticia\/imagens\/novela-terra-e-paixao-resumo-150x84.jpg 150w\" sizes=\"auto, (max-width: 1280px) 100vw, 1280px\" \/> <\/p>\n<p><strong><em>Resumo da novela &#8220;Terra e Paix\u00e3o&#8221;<\/em><\/strong> em 18\/09: no cap\u00edtulo 114(*) da novela, Marino amea\u00e7a dar voz de pris\u00e3o a Ant\u00f4nio. Jonatas agradece Agatha por ter salvado sua vida. Marino promete a Ant\u00f4nio que encontrar\u00e1 a pessoa respons\u00e1vel pela morte de Daniel. H\u00e9lio revela a Petra que est\u00e1 gostando dela. Anely troca de lugar com Nice na noite de amor com Tadeu, sem que o marido de Gladys perceba. Serj\u00e3o discute com Andrade. Aline confronta Vin\u00edcius sobre a proposta de sociedade na explora\u00e7\u00e3o de suas terras.<\/p>\n<p> Vin\u00edcius avisa a Irene que Aline n\u00e3o aceitou a proposta. Gladys d\u00e1 conselhos a Andrade. Tadeu conta a Enzo sobre a noite que teve com Anely, sem saber que era com Nice. Miguel incentiva Aline a fechar sociedade com Vin\u00edcius. Dalva foge do Hospital. Ant\u00f4nio convida Franco para jantar em sua casa. Anely conta a Luigi sobre o acordo que fez com Nice. Lucinda flagra Marino visitando o beb\u00ea de Gra\u00e7a e estranha. Rodrigo comunica a Caio e a Aline que n\u00e3o encontrou nenhuma restri\u00e7\u00e3o ao nome ou ao CPF de Vin\u00edcius. Caio aconselha Aline a aceitar a sociedade com Vin\u00edcius.<\/p>\n<p>(*) edi\u00e7\u00e3o das novelas da Globo, &#8220;Terra e Paix\u00e3o&#8221;, sujeito a altera\u00e7\u00e3o de data e conte\u00fado.<\/p>\n<p>Sinopse &#8220;Terra e Paix\u00e3o&#8221;: Aline vive ao lado do marido Samuel e do filho Jo\u00e3o. Ap\u00f3s um atentado em sua casa, v\u00ea-se sozinha com o menino diante das terras deixadas pelo marido. Aline aprende a plantar com a ajuda de Jonatas, um amigo fiel. Al\u00e9m de contar com ele, tem ao seu lado sua m\u00e3e. Aline se aproxima dos irm\u00e3os Caio e Daniel, filhos do poderoso fazendeiro Ant\u00f4nio, com quem precisa brigar para manter suas terras. Ao lado dos dois rapazes, descobre sentimentos novos. Ant\u00f4nio La Selva \u00e9 casado com Irene com quem tem dois filhos, Daniel e Petra. Ele foi muito apaixonado por Agatha, com quem teve Caio, e culpa o rapaz pela morte da m\u00e3e no pr\u00e9-parto.<\/p>\n","protected":false},"excerpt":{"rendered":"<p>Resumo da novela &#8220;Terra e Paix\u00e3o&#8221; em 18\/09: no cap\u00edtulo 114(*) da novela, Marino amea\u00e7a dar voz de pris\u00e3o a Ant\u00f4nio. Jonatas agradece Agatha por ter salvado sua vida. Marino promete a Ant\u00f4nio que encontrar\u00e1 a pessoa respons\u00e1vel pela morte de Daniel. H\u00e9lio revela a Petra que est\u00e1 gostando dela. Anely troca de lugar com [&hellip;]<\/p>\n","protected":false},"author":2,"featured_media":231928,"comment_status":"closed","ping_status":"closed","sticky":false,"template":"","format":"standard","meta":{"tdm_status":"","tdm_grid_status":"","footnotes":""},"categories":[379,375,2025,343,2305],"tags":[441],"class_list":{"0":"post-237178","1":"post","2":"type-post","3":"status-publish","4":"format-standard","5":"has-post-thumbnail","7":"category-novelas","8":"category-rede-globo","9":"category-resumo","10":"category-televisao","11":"category-terra-e-paixao","12":"tag-resumo-do-dia"},"_links":{"self":[{"href":"https:\/\/migracao.redenoticia.com.br\/noticia\/wp-json\/wp\/v2\/posts\/237178","targetHints":{"allow":["GET"]}}],"collection":[{"href":"https:\/\/migracao.redenoticia.com.br\/noticia\/wp-json\/wp\/v2\/posts"}],"about":[{"href":"https:\/\/migracao.redenoticia.com.br\/noticia\/wp-json\/wp\/v2\/types\/post"}],"author":[{"embeddable":true,"href":"https:\/\/migracao.redenoticia.com.br\/noticia\/wp-json\/wp\/v2\/users\/2"}],"replies":[{"embeddable":true,"href":"https:\/\/migracao.redenoticia.com.br\/noticia\/wp-json\/wp\/v2\/comments?post=237178"}],"version-history":[{"count":0,"href":"https:\/\/migracao.redenoticia.com.br\/noticia\/wp-json\/wp\/v2\/posts\/237178\/revisions"}],"wp:featuredmedia":[{"embeddable":true,"href":"https:\/\/migracao.redenoticia.com.br\/noticia\/wp-json\/wp\/v2\/media\/231928"}],"wp:attachment":[{"href":"https:\/\/migracao.redenoticia.com.br\/noticia\/wp-json\/wp\/v2\/media?parent=237178"}],"wp:term":[{"taxonomy":"category","embeddable":true,"href":"https:\/\/migracao.redenoticia.com.br\/noticia\/wp-json\/wp\/v2\/categories?post=237178"},{"taxonomy":"post_tag","embeddable":true,"href":"https:\/\/migracao.redenoticia.com.br\/noticia\/wp-json\/wp\/v2\/tags?post=237178"}],"curies":[{"name":"wp","href":"https:\/\/api.w.org\/{rel}","templated":true}]}}