{"id":237228,"date":"2023-09-18T14:36:12","date_gmt":"2023-09-18T17:36:12","guid":{"rendered":"https:\/\/www.redenoticia.com.br\/noticia\/?p=237228"},"modified":"2023-09-18T14:36:12","modified_gmt":"2023-09-18T17:36:12","slug":"resumo-sera-isso-amor-19-09-selin-tenta-impedir-eda-de-reatar-com-serkan","status":"publish","type":"post","link":"https:\/\/migracao.redenoticia.com.br\/noticia\/2023\/resumo-sera-isso-amor-19-09-selin-tenta-impedir-eda-de-reatar-com-serkan\/237228","title":{"rendered":"Resumo \u201cSer\u00e1 Isso Amor?\u201d 19\/09: Selin tenta impedir Eda de reatar com Serkan"},"content":{"rendered":"<p> <img loading=\"lazy\" decoding=\"async\" class=\"aligncenter size-full wp-image-235988\" src=\"https:\/\/migracao.redenoticia.com.br\/noticia\/imagens\/novela-sera-isso-amor-tnt-resumo-elenco.jpg\" alt=\"\" width=\"1280\" height=\"720\" srcset=\"https:\/\/migracao.redenoticia.com.br\/noticia\/imagens\/novela-sera-isso-amor-tnt-resumo-elenco.jpg 1280w, https:\/\/migracao.redenoticia.com.br\/noticia\/imagens\/novela-sera-isso-amor-tnt-resumo-elenco-250x140.jpg 250w, https:\/\/migracao.redenoticia.com.br\/noticia\/imagens\/novela-sera-isso-amor-tnt-resumo-elenco-400x225.jpg 400w, https:\/\/migracao.redenoticia.com.br\/noticia\/imagens\/novela-sera-isso-amor-tnt-resumo-elenco-768x432.jpg 768w, https:\/\/migracao.redenoticia.com.br\/noticia\/imagens\/novela-sera-isso-amor-tnt-resumo-elenco-150x84.jpg 150w\" sizes=\"auto, (max-width: 1280px) 100vw, 1280px\" \/><\/p>\n<p><strong><em>Resumo da novela \u201cSer\u00e1 Isso Amor?\u201d<\/em><\/strong> em 19\/09: no cap\u00edtulo 062(*) da novela, Eda consegue localizar Kadir Osturk, o subempreiteiro respons\u00e1vel pela obra onde seus pais morreram, e marca um encontro com ele. &#8220;Voc\u00ea acabou com a minha felicidade e meu \u00fanico desejo \u00e9 que voc\u00ea nunca encontre a paz&#8221;, diz quando est\u00e1 \u00e0 sua frente.<\/p>\n<p>Ayfer recebe uma oferta de trabalho e Seyfi testemunha algo terr\u00edvel quando vai ao hotel para ver Alptekin. &#8230; Ayfer est\u00e1 animada para receber outro pedido em sua empresa de catering. No entanto, quando ela descobre que \u00e9 para o jantar de caridade de Aydan e que ela tem que fazer seiscentos bolos, ela n\u00e3o tem vontade e decide recusar. &#8220;Claro que voc\u00ea pode. Nos meus hot\u00e9is temos cozinhas equipadas e muitos empregados\u201d, convence-a Ferit. <\/p>\n<p>Aydan quer que Serkan, Efe, Ferit e Engin participem do leil\u00e3o beneficente e faz um pedido inesperado a eles. Enquanto isso, Ayfer encontra um bilhete devastador. &#8230; Serkan e Eda est\u00e3o na boca de todos quando Selin vazou para a m\u00eddia a not\u00edcia de que eles romperam o noivado. Enquanto isso, Ceren agradece Ferit por sua ajuda e seus amigos a fazem ver o motivo: &#8220;Ele est\u00e1 apaixonado por voc\u00ea.&#8221; O jantar beneficente organizado por Aydan \u00e9 realizado e, para arrecadar mais fundos, ela prop\u00f5e leiloar um jantar com Ferit, Efe, Engin e Serkan. Como este se recusa, Eda usa o contrato que assinaram para for\u00e7\u00e1-lo a participar. <\/p>\n<p>N\u00e3o contente com isso, a esposa de Alptekin mente ao anunciar que as modelos n\u00e3o poder\u00e3o comparecer devido a envenenamento. &#8220;Por favor, ningu\u00e9m poderia usar esses vestidos melhor do que voc\u00ea&#8221;, ela convence Eda e suas amigas. Assim, o evento \u00e9 um sucesso total e Aydan deixa escapar que \u00e9 poss\u00edvel que ele concorra \u00e0s elei\u00e7\u00f5es para a presid\u00eancia da funda\u00e7\u00e3o. Nesrin sai muito chateado. Depois de ver o desfile de Eda, Serkan cai novamente em seus encantos e tenta se aproximar dela. Por isso, ele entrega a ela um envelope com o endere\u00e7o de um restaurante onde a esperar\u00e1 para jantarem juntos. No entanto, Selin faz suas coisas novamente e os jovens v\u00e3o para lugares diferentes. \u201cEstou muito cansado, desisto. Acabou \u201d, Eda garante a seus amigos depois de acreditar que Serkan a deixou de p\u00e9.<\/p>\n<p>(*) edi\u00e7\u00e3o das novelas da TNT\/HBO, \u201cSer\u00e1 Isso Amor?\u201d, sujeito a altera\u00e7\u00e3o de data e conte\u00fado.<\/p>\n<p>Sinopse &#8220;Ser\u00e1 Isso Amor?&#8221;: (Primeira Temporada) Eda n\u00e3o consegue concluir sua gradua\u00e7\u00e3o na faculdade de arquitetura paisag\u00edstica por causa de Serkan Bolat. Serkan tem uma ex-namorada, Selin, que ficou noiva recentemente ap\u00f3s o rompimento. Para recuper\u00e1-la, Serkan oferece a Eda um contrato segundo o qual ela deve fingir ser sua noiva por dois meses. Ela aceita a oferta e n\u00e3o demora para surgir algo entre eles. <\/p>\n<p>(Segunda Temporada) Serkan e Eda passam por momentos dif\u00edceis durante o tratamento de c\u00e2ncer dele, que fica obcecado com sua doen\u00e7a e que vira um homem completamente diferente ap\u00f3s sobreviver. Serkan volta a se concentrar apenas em seu trabalho, que aos poucos o afasta de Eda. Mais tarde, ela vai para a It\u00e1lia para concluir seus estudos, enquanto Serkan continua com sua vida. Mas quando eles finalmente se reencontram ap\u00f3s 5 longos anos, a vida tem uma surpresa para ambos.<\/p>\n","protected":false},"excerpt":{"rendered":"<p>Resumo da novela \u201cSer\u00e1 Isso Amor?\u201d em 19\/09: no cap\u00edtulo 062(*) da novela, Eda consegue localizar Kadir Osturk, o subempreiteiro respons\u00e1vel pela obra onde seus pais morreram, e marca um encontro com ele. &#8220;Voc\u00ea acabou com a minha felicidade e meu \u00fanico desejo \u00e9 que voc\u00ea nunca encontre a paz&#8221;, diz quando est\u00e1 \u00e0 sua [&hellip;]<\/p>\n","protected":false},"author":2,"featured_media":235990,"comment_status":"closed","ping_status":"closed","sticky":false,"template":"","format":"standard","meta":{"tdm_status":"","tdm_grid_status":"","footnotes":""},"categories":[379,2025,2316,343,2315],"tags":[441],"class_list":{"0":"post-237228","1":"post","2":"type-post","3":"status-publish","4":"format-standard","5":"has-post-thumbnail","7":"category-novelas","8":"category-resumo","9":"category-sera-isso-amor","10":"category-televisao","11":"category-tnt","12":"tag-resumo-do-dia"},"_links":{"self":[{"href":"https:\/\/migracao.redenoticia.com.br\/noticia\/wp-json\/wp\/v2\/posts\/237228","targetHints":{"allow":["GET"]}}],"collection":[{"href":"https:\/\/migracao.redenoticia.com.br\/noticia\/wp-json\/wp\/v2\/posts"}],"about":[{"href":"https:\/\/migracao.redenoticia.com.br\/noticia\/wp-json\/wp\/v2\/types\/post"}],"author":[{"embeddable":true,"href":"https:\/\/migracao.redenoticia.com.br\/noticia\/wp-json\/wp\/v2\/users\/2"}],"replies":[{"embeddable":true,"href":"https:\/\/migracao.redenoticia.com.br\/noticia\/wp-json\/wp\/v2\/comments?post=237228"}],"version-history":[{"count":0,"href":"https:\/\/migracao.redenoticia.com.br\/noticia\/wp-json\/wp\/v2\/posts\/237228\/revisions"}],"wp:featuredmedia":[{"embeddable":true,"href":"https:\/\/migracao.redenoticia.com.br\/noticia\/wp-json\/wp\/v2\/media\/235990"}],"wp:attachment":[{"href":"https:\/\/migracao.redenoticia.com.br\/noticia\/wp-json\/wp\/v2\/media?parent=237228"}],"wp:term":[{"taxonomy":"category","embeddable":true,"href":"https:\/\/migracao.redenoticia.com.br\/noticia\/wp-json\/wp\/v2\/categories?post=237228"},{"taxonomy":"post_tag","embeddable":true,"href":"https:\/\/migracao.redenoticia.com.br\/noticia\/wp-json\/wp\/v2\/tags?post=237228"}],"curies":[{"name":"wp","href":"https:\/\/api.w.org\/{rel}","templated":true}]}}