{"id":237230,"date":"2023-09-18T14:34:54","date_gmt":"2023-09-18T17:34:54","guid":{"rendered":"https:\/\/www.redenoticia.com.br\/noticia\/?p=237230"},"modified":"2023-09-18T14:34:54","modified_gmt":"2023-09-18T17:34:54","slug":"resumo-a-infancia-de-romeu-e-julieta-19-09-teo-acha-que-sofia-e-incrivel-e-bonita","status":"publish","type":"post","link":"https:\/\/migracao.redenoticia.com.br\/noticia\/2023\/resumo-a-infancia-de-romeu-e-julieta-19-09-teo-acha-que-sofia-e-incrivel-e-bonita\/237230","title":{"rendered":"Resumo \u201cA Inf\u00e2ncia de Romeu e Julieta\u201d 19\/09: T\u00e9o acha que Sofia \u00e9 incr\u00edvel e bonita"},"content":{"rendered":"<p> <img loading=\"lazy\" decoding=\"async\" src=\"https:\/\/migracao.redenoticia.com.br\/noticia\/imagens\/novela-romeu-e-julieta-sbt-elenco-resumo.jpg\" alt=\"\" width=\"1280\" height=\"720\" class=\"aligncenter size-full wp-image-232242\" srcset=\"https:\/\/migracao.redenoticia.com.br\/noticia\/imagens\/novela-romeu-e-julieta-sbt-elenco-resumo.jpg 1280w, https:\/\/migracao.redenoticia.com.br\/noticia\/imagens\/novela-romeu-e-julieta-sbt-elenco-resumo-250x140.jpg 250w, https:\/\/migracao.redenoticia.com.br\/noticia\/imagens\/novela-romeu-e-julieta-sbt-elenco-resumo-400x225.jpg 400w, https:\/\/migracao.redenoticia.com.br\/noticia\/imagens\/novela-romeu-e-julieta-sbt-elenco-resumo-768x432.jpg 768w, https:\/\/migracao.redenoticia.com.br\/noticia\/imagens\/novela-romeu-e-julieta-sbt-elenco-resumo-150x84.jpg 150w\" sizes=\"auto, (max-width: 1280px) 100vw, 1280px\" \/><\/p>\n<p><strong><em>Resumo da novela \u201cA Inf\u00e2ncia de Romeu e Julieta\u201d<\/em><\/strong> em 19\/09: no cap\u00edtulo 097(*) da novela, Vitor diz a Vera que deseja tomar conta da parte do caf\u00e9 do Monter Mercado. Mostrando servi\u00e7o, Vitor deseja que Gl\u00e1ucia prove os novos caf\u00e9s. Gl\u00e1ucia expressa pouca import\u00e2ncia. Enzo inicia o trabalho duplo na Monter Holding e no CEC. L\u00edvia esbarra em Sofia e derruba a caixa de mi\u00e7anga e acess\u00f3rios da novata, o que gera uma m\u00e1 impress\u00e3o. No Monter Mercado, Vera anuncia \u00e0s crian\u00e7as do Lado Torre que vai patrocin\u00e1-las no campeonato. Julieta conhece Sofia e pede para ela visitar o CEC e se apresentar ao pessoal do bairro. Na academia, Mauro convida Mariana para sair, e ela dispensa o judoca. No \u00faltimo momento da inscri\u00e7\u00e3o no CEC, Sofia resolve integrar a equipe do Lado Vila. Julieta, T\u00e9o e Patrick explicam para Sofia a rivalidade com o Lado Torre. L\u00edvia n\u00e3o gosta da ideia de Sofia completar o time. No elevador do condom\u00ednio, Mauro diz que \u00e9 apenas amigo de Mariana e chama Telma para sair. <\/p>\n<p>Mariana baixa o aplicativo de relacionamento. T\u00e9o comenta com Patrick que Sofia \u00e9 incr\u00edvel e bonita. Na casa de Julieta, L\u00edvia assume para a amiga que n\u00e3o gostou de Sofia e que a novata se aproximou r\u00e1pido demais. P\u00f3rcia descobre que Fausto criou um perfil para ela em um aplicativo de relacionamento sem sua permiss\u00e3o e fica furiosa. No quarto de Romeu, Karen encontra a foto antiga dele com Julieta. Romeu entra no c\u00f4modo e fica bravo por Karen mexer nas coisas dele. Romeu admite para Karen que voltou a falar com Julieta, e Karen refor\u00e7a que a conviv\u00eancia com Julieta pode arruinar a equipe do Lado Torre. Vera pede para Karen ficar de olho em Romeu e n\u00e3o deixar o filho se aproximar de Julieta.<\/p>\n<p>(*) edi\u00e7\u00e3o das novelas do SBT, \u201cA Inf\u00e2ncia de Romeu e Julieta\u201d, sujeito a altera\u00e7\u00e3o de data e conte\u00fado.<\/p>\n<p>Sinopse \u201cA Inf\u00e2ncia de Romeu e Julieta\u201d: A Trama se passa no bairro chamado castanheiras, em que duas fam\u00edlias com propostas diferentes para esse bairro vivem em disc\u00f3rdia, sendo divididas entre os lados Torre (Campos) e Vila (Monteiro).[6] Entretanto, Romeu (Miguel \u00c2ngelo) e Julieta (Vitt\u00f3ria Seixas) se conhecem, da\u00ed em diante, as fam\u00edlias rivais t\u00eam uma nova oportunidade de trazer paz e uni\u00e3o entre o conv\u00edvio deles. <\/p>\n<p>Romeu e Julieta n\u00e3o sabem como v\u00e3o fazer para ficarem juntos. A not\u00edcia do romance chega \u00e0s fam\u00edlias, que n\u00e3o gostam nada da hist\u00f3ria e tratam de afasta-los imediatamente, aprontando v\u00e1rias situa\u00e7\u00f5es. Romeu e Julieta querem acabar com essa hostilidade e tentam ir atr\u00e1s de uma solu\u00e7\u00e3o, mas ao descobrirem mais sobre a hist\u00f3ria de seus pais, percebem que pode ser imposs\u00edvel.<\/p>\n","protected":false},"excerpt":{"rendered":"<p>Resumo da novela \u201cA Inf\u00e2ncia de Romeu e Julieta\u201d em 19\/09: no cap\u00edtulo 097(*) da novela, Vitor diz a Vera que deseja tomar conta da parte do caf\u00e9 do Monter Mercado. Mostrando servi\u00e7o, Vitor deseja que Gl\u00e1ucia prove os novos caf\u00e9s. Gl\u00e1ucia expressa pouca import\u00e2ncia. Enzo inicia o trabalho duplo na Monter Holding e no [&hellip;]<\/p>\n","protected":false},"author":3,"featured_media":232241,"comment_status":"closed","ping_status":"closed","sticky":false,"template":"","format":"standard","meta":{"tdm_status":"","tdm_grid_status":"","footnotes":""},"categories":[2306,379,2025,372,343],"tags":[441],"class_list":{"0":"post-237230","1":"post","2":"type-post","3":"status-publish","4":"format-standard","5":"has-post-thumbnail","7":"category-novela-romeu-e-julieta","8":"category-novelas","9":"category-resumo","10":"category-sbt","11":"category-televisao","12":"tag-resumo-do-dia"},"_links":{"self":[{"href":"https:\/\/migracao.redenoticia.com.br\/noticia\/wp-json\/wp\/v2\/posts\/237230","targetHints":{"allow":["GET"]}}],"collection":[{"href":"https:\/\/migracao.redenoticia.com.br\/noticia\/wp-json\/wp\/v2\/posts"}],"about":[{"href":"https:\/\/migracao.redenoticia.com.br\/noticia\/wp-json\/wp\/v2\/types\/post"}],"author":[{"embeddable":true,"href":"https:\/\/migracao.redenoticia.com.br\/noticia\/wp-json\/wp\/v2\/users\/3"}],"replies":[{"embeddable":true,"href":"https:\/\/migracao.redenoticia.com.br\/noticia\/wp-json\/wp\/v2\/comments?post=237230"}],"version-history":[{"count":0,"href":"https:\/\/migracao.redenoticia.com.br\/noticia\/wp-json\/wp\/v2\/posts\/237230\/revisions"}],"wp:featuredmedia":[{"embeddable":true,"href":"https:\/\/migracao.redenoticia.com.br\/noticia\/wp-json\/wp\/v2\/media\/232241"}],"wp:attachment":[{"href":"https:\/\/migracao.redenoticia.com.br\/noticia\/wp-json\/wp\/v2\/media?parent=237230"}],"wp:term":[{"taxonomy":"category","embeddable":true,"href":"https:\/\/migracao.redenoticia.com.br\/noticia\/wp-json\/wp\/v2\/categories?post=237230"},{"taxonomy":"post_tag","embeddable":true,"href":"https:\/\/migracao.redenoticia.com.br\/noticia\/wp-json\/wp\/v2\/tags?post=237230"}],"curies":[{"name":"wp","href":"https:\/\/api.w.org\/{rel}","templated":true}]}}