{"id":23731,"date":"2010-02-25T11:15:03","date_gmt":"2010-02-25T15:15:03","guid":{"rendered":"http:\/\/www.redenoticia.com.br\/noticia\/?p=23731"},"modified":"2018-08-13T10:50:47","modified_gmt":"2018-08-13T13:50:47","slug":"brothers-bbb-10-se-preparam-para-prova-do-lider","status":"publish","type":"post","link":"https:\/\/migracao.redenoticia.com.br\/noticia\/2010\/brothers-bbb-10-se-preparam-para-prova-do-lider\/23731","title":{"rendered":"Brothers BBB 10 se preparam para prova do l\u00edder"},"content":{"rendered":"<p><img loading=\"lazy\" decoding=\"async\" class=\"alignleft size-full wp-image-22134\" title=\"BBB 10 Rede Globo\" src=\"https:\/\/migracao.redenoticia.com.br\/noticia\/imagens\/BBB-10-Rede-Globo.jpg\" alt=\"\" width=\"300\" height=\"193\" srcset=\"https:\/\/migracao.redenoticia.com.br\/noticia\/imagens\/BBB-10-Rede-Globo.jpg 300w, https:\/\/migracao.redenoticia.com.br\/noticia\/imagens\/BBB-10-Rede-Globo-250x161.jpg 250w, https:\/\/migracao.redenoticia.com.br\/noticia\/imagens\/BBB-10-Rede-Globo-150x97.jpg 150w\" sizes=\"auto, (max-width: 300px) 100vw, 300px\" \/>BBB 10 &#8211; A <strong><em>festa<\/em><\/strong> desta quarta-feira (24\/02) produzida pela <strong><em>Rede Globo<\/em><\/strong> no <strong><em>BBB 10<\/em><\/strong> foi considerada pelos brothers como uma prepara\u00e7\u00e3o para a <strong><em>prova do l\u00edder<\/em><\/strong> desta quinta-feira. Al\u00e9m de comemorarem o anivers\u00e1rio de Serginho, que completou 21 anos, todos se abasteceram com as guloseimas e frutas oferecidas na festa BBB 10, dan\u00e7aram pouco, beberam moderadamente, conversaram sobre estrat\u00e9gias e dormiram cedo.<\/p>\n<p>Esperando uma prova de resist\u00eancia, Dourado foi o mais prudente. Sua estrat\u00e9gia \u00e9 comer bem e dormir. Ele acordou de madrugada para aproveitar os petiscos e refrigerantes que sobraram de mais uma festa BBB 10 e, pela manh\u00e3, foi at\u00e9 o quarto surpresa para saborear mais alguns sorvetes. Depois foi tirar mais um cochilo. Ele tamb\u00e9m pediu para Maroca fazer bolinhos de soja para ele saborear durante o dia.<\/p>\n<p>Os brothers da casa de luxo, preocupados com a imagem que est\u00e3o passando para o p\u00fablico, come\u00e7aram a se aproximar novamente dos brothers do puxadinho. Dicesar, que chamou Maroca de falsa na \u00faltima vota\u00e7\u00e3o, durante a festa elogiou a Policial, disse que ela n\u00e3o tem maldade e tem o maior cora\u00e7\u00e3o do BBB 10. Elieser disse que se a prova do l\u00edder for de resist\u00eancia ele vai se esfor\u00e7ar ao m\u00e1ximo para ganhar. Durante a festa ele fez a pol\u00edtica de boa vizinhan\u00e7a com Lia, depois de ter discutido e gritado com a dan\u00e7arina na segunda-feira, e Michel passou a quarta-feira conversando com todos os advers\u00e1rios.<\/p>\n<p>A prova do l\u00edder desta quinta-feira promete ser a mais disputada desde o in\u00edcio do BBB 10.<\/p>\n<p>Rede Globo \u2013 BBB 10<\/p>\n","protected":false},"excerpt":{"rendered":"<p>BBB 10 &#8211; A festa desta quarta-feira (24\/02) produzida pela Rede Globo no BBB 10 foi considerada pelos brothers como uma prepara\u00e7\u00e3o para a prova do l\u00edder desta quinta-feira. Al\u00e9m de comemorarem o anivers\u00e1rio de Serginho, que completou 21 anos, todos se abasteceram com as guloseimas e frutas oferecidas na festa BBB 10, dan\u00e7aram pouco, [&hellip;]<\/p>\n","protected":false},"author":3,"featured_media":0,"comment_status":"open","ping_status":"open","sticky":false,"template":"","format":"standard","meta":{"tdm_status":"","tdm_grid_status":"","footnotes":""},"categories":[520,22,375,343],"tags":[],"class_list":{"0":"post-23731","1":"post","2":"type-post","3":"status-publish","4":"format-standard","6":"category-big-brother-brasil","7":"category-brasil","8":"category-rede-globo","9":"category-televisao"},"_links":{"self":[{"href":"https:\/\/migracao.redenoticia.com.br\/noticia\/wp-json\/wp\/v2\/posts\/23731","targetHints":{"allow":["GET"]}}],"collection":[{"href":"https:\/\/migracao.redenoticia.com.br\/noticia\/wp-json\/wp\/v2\/posts"}],"about":[{"href":"https:\/\/migracao.redenoticia.com.br\/noticia\/wp-json\/wp\/v2\/types\/post"}],"author":[{"embeddable":true,"href":"https:\/\/migracao.redenoticia.com.br\/noticia\/wp-json\/wp\/v2\/users\/3"}],"replies":[{"embeddable":true,"href":"https:\/\/migracao.redenoticia.com.br\/noticia\/wp-json\/wp\/v2\/comments?post=23731"}],"version-history":[{"count":0,"href":"https:\/\/migracao.redenoticia.com.br\/noticia\/wp-json\/wp\/v2\/posts\/23731\/revisions"}],"wp:attachment":[{"href":"https:\/\/migracao.redenoticia.com.br\/noticia\/wp-json\/wp\/v2\/media?parent=23731"}],"wp:term":[{"taxonomy":"category","embeddable":true,"href":"https:\/\/migracao.redenoticia.com.br\/noticia\/wp-json\/wp\/v2\/categories?post=23731"},{"taxonomy":"post_tag","embeddable":true,"href":"https:\/\/migracao.redenoticia.com.br\/noticia\/wp-json\/wp\/v2\/tags?post=23731"}],"curies":[{"name":"wp","href":"https:\/\/api.w.org\/{rel}","templated":true}]}}