{"id":237347,"date":"2023-09-20T17:38:58","date_gmt":"2023-09-20T20:38:58","guid":{"rendered":"https:\/\/www.redenoticia.com.br\/noticia\/?p=237347"},"modified":"2023-09-20T17:38:58","modified_gmt":"2023-09-20T20:38:58","slug":"resumo-a-infancia-de-romeu-e-julieta-21-09-bassanio-admite-paixao-por-porcia","status":"publish","type":"post","link":"https:\/\/migracao.redenoticia.com.br\/noticia\/2023\/resumo-a-infancia-de-romeu-e-julieta-21-09-bassanio-admite-paixao-por-porcia\/237347","title":{"rendered":"Resumo \u201cA Inf\u00e2ncia de Romeu e Julieta\u201d 21\/09: Bass\u00e2nio admite paix\u00e3o por P\u00f3rcia"},"content":{"rendered":"<p> <img loading=\"lazy\" decoding=\"async\" src=\"https:\/\/migracao.redenoticia.com.br\/noticia\/imagens\/novela-romeu-e-julieta-sbt-elenco-resumo.jpg\" alt=\"\" width=\"1280\" height=\"720\" class=\"aligncenter size-full wp-image-232242\" srcset=\"https:\/\/migracao.redenoticia.com.br\/noticia\/imagens\/novela-romeu-e-julieta-sbt-elenco-resumo.jpg 1280w, https:\/\/migracao.redenoticia.com.br\/noticia\/imagens\/novela-romeu-e-julieta-sbt-elenco-resumo-250x140.jpg 250w, https:\/\/migracao.redenoticia.com.br\/noticia\/imagens\/novela-romeu-e-julieta-sbt-elenco-resumo-400x225.jpg 400w, https:\/\/migracao.redenoticia.com.br\/noticia\/imagens\/novela-romeu-e-julieta-sbt-elenco-resumo-768x432.jpg 768w, https:\/\/migracao.redenoticia.com.br\/noticia\/imagens\/novela-romeu-e-julieta-sbt-elenco-resumo-150x84.jpg 150w\" sizes=\"auto, (max-width: 1280px) 100vw, 1280px\" \/><\/p>\n<p><strong><em>Resumo da novela \u201cA Inf\u00e2ncia de Romeu e Julieta\u201d<\/em><\/strong> em 21\/09: no cap\u00edtulo 099(*) da novela, em conversa com H\u00e9lio, Enzo alerta de que as finan\u00e7as do CEC est\u00e3o em vermelho. L\u00edvia fica com ci\u00fame da aproxima\u00e7\u00e3o de Sofia no grupo de amigos. J\u00e1 o Lado Torre fica preocupado com Sofia no time advers\u00e1rio. Leandro comenta com Enzo que H\u00e9lio s\u00f3 o contratou para atingir a fam\u00edlia Monteiro, e acredita que H\u00e9lio est\u00e1 sabotando Leandro. Bass\u00e2nio admite para Daniel que est\u00e1 apaixonado por P\u00f3rcia e tem amor envolvido entre eles, mas Daniel mostra o perfil da P\u00f3rcia no aplicativo de namoro.<\/p>\n<p>L\u00edvia manda Patrick e T\u00e9o escolherem entre ela e Sofia no time. Em um bate-papo com Romeu, Nando revela que Rosalina pediu ajuda para aproxim\u00e1-la de Romeu; o primo exige que Nando queime o filme de Romeu com Rosalina. Nando fala para Rosalina que Romeu gosta de meninas com chul\u00e9 e que o garoto solta muito pum. Vitor instala um karaok\u00ea no Monter Mercado e apresenta a ideia para Glaucia e Vera, alegando que o equipamento pode atrair mais clientes. Alex fala para L\u00edvia que a melhor coisa foi ela ter terminado com o T\u00e9o e que os amigos dela n\u00e3o merecem sua amizade.<\/p>\n<p>(*) edi\u00e7\u00e3o das novelas do SBT, \u201cA Inf\u00e2ncia de Romeu e Julieta\u201d, sujeito a altera\u00e7\u00e3o de data e conte\u00fado.<\/p>\n<p>Sinopse \u201cA Inf\u00e2ncia de Romeu e Julieta\u201d: A Trama se passa no bairro chamado castanheiras, em que duas fam\u00edlias com propostas diferentes para esse bairro vivem em disc\u00f3rdia, sendo divididas entre os lados Torre (Campos) e Vila (Monteiro).[6] Entretanto, Romeu (Miguel \u00c2ngelo) e Julieta (Vitt\u00f3ria Seixas) se conhecem, da\u00ed em diante, as fam\u00edlias rivais t\u00eam uma nova oportunidade de trazer paz e uni\u00e3o entre o conv\u00edvio deles. <\/p>\n<p>Romeu e Julieta n\u00e3o sabem como v\u00e3o fazer para ficarem juntos. A not\u00edcia do romance chega \u00e0s fam\u00edlias, que n\u00e3o gostam nada da hist\u00f3ria e tratam de afasta-los imediatamente, aprontando v\u00e1rias situa\u00e7\u00f5es. Romeu e Julieta querem acabar com essa hostilidade e tentam ir atr\u00e1s de uma solu\u00e7\u00e3o, mas ao descobrirem mais sobre a hist\u00f3ria de seus pais, percebem que pode ser imposs\u00edvel.<\/p>\n","protected":false},"excerpt":{"rendered":"<p>Resumo da novela \u201cA Inf\u00e2ncia de Romeu e Julieta\u201d em 21\/09: no cap\u00edtulo 099(*) da novela, em conversa com H\u00e9lio, Enzo alerta de que as finan\u00e7as do CEC est\u00e3o em vermelho. L\u00edvia fica com ci\u00fame da aproxima\u00e7\u00e3o de Sofia no grupo de amigos. J\u00e1 o Lado Torre fica preocupado com Sofia no time advers\u00e1rio. Leandro [&hellip;]<\/p>\n","protected":false},"author":3,"featured_media":232241,"comment_status":"closed","ping_status":"closed","sticky":false,"template":"","format":"standard","meta":{"tdm_status":"","tdm_grid_status":"","footnotes":""},"categories":[2306,379,2025,372,343],"tags":[441],"class_list":{"0":"post-237347","1":"post","2":"type-post","3":"status-publish","4":"format-standard","5":"has-post-thumbnail","7":"category-novela-romeu-e-julieta","8":"category-novelas","9":"category-resumo","10":"category-sbt","11":"category-televisao","12":"tag-resumo-do-dia"},"_links":{"self":[{"href":"https:\/\/migracao.redenoticia.com.br\/noticia\/wp-json\/wp\/v2\/posts\/237347","targetHints":{"allow":["GET"]}}],"collection":[{"href":"https:\/\/migracao.redenoticia.com.br\/noticia\/wp-json\/wp\/v2\/posts"}],"about":[{"href":"https:\/\/migracao.redenoticia.com.br\/noticia\/wp-json\/wp\/v2\/types\/post"}],"author":[{"embeddable":true,"href":"https:\/\/migracao.redenoticia.com.br\/noticia\/wp-json\/wp\/v2\/users\/3"}],"replies":[{"embeddable":true,"href":"https:\/\/migracao.redenoticia.com.br\/noticia\/wp-json\/wp\/v2\/comments?post=237347"}],"version-history":[{"count":0,"href":"https:\/\/migracao.redenoticia.com.br\/noticia\/wp-json\/wp\/v2\/posts\/237347\/revisions"}],"wp:featuredmedia":[{"embeddable":true,"href":"https:\/\/migracao.redenoticia.com.br\/noticia\/wp-json\/wp\/v2\/media\/232241"}],"wp:attachment":[{"href":"https:\/\/migracao.redenoticia.com.br\/noticia\/wp-json\/wp\/v2\/media?parent=237347"}],"wp:term":[{"taxonomy":"category","embeddable":true,"href":"https:\/\/migracao.redenoticia.com.br\/noticia\/wp-json\/wp\/v2\/categories?post=237347"},{"taxonomy":"post_tag","embeddable":true,"href":"https:\/\/migracao.redenoticia.com.br\/noticia\/wp-json\/wp\/v2\/tags?post=237347"}],"curies":[{"name":"wp","href":"https:\/\/api.w.org\/{rel}","templated":true}]}}