{"id":237348,"date":"2023-09-20T17:27:20","date_gmt":"2023-09-20T20:27:20","guid":{"rendered":"https:\/\/www.redenoticia.com.br\/noticia\/?p=237348"},"modified":"2023-09-20T17:27:20","modified_gmt":"2023-09-20T20:27:20","slug":"resumo-um-refugio-para-o-amor-21-09-patricio-chora-ao-ver-luciana-ir-embora","status":"publish","type":"post","link":"https:\/\/migracao.redenoticia.com.br\/noticia\/2023\/resumo-um-refugio-para-o-amor-21-09-patricio-chora-ao-ver-luciana-ir-embora\/237348","title":{"rendered":"Resumo \u201cUm Ref\u00fagio para o Amor\u201d 21\/09: Patr\u00edcio chora ao ver Luciana ir embora"},"content":{"rendered":"<p> <img loading=\"lazy\" decoding=\"async\" src=\"https:\/\/migracao.redenoticia.com.br\/noticia\/imagens\/um-refugio-para-o-amor-novela-resumo-sbt.jpg.jpg\" alt=\"\" width=\"1280\" height=\"720\" class=\"aligncenter size-full wp-image-233922\" srcset=\"https:\/\/migracao.redenoticia.com.br\/noticia\/imagens\/um-refugio-para-o-amor-novela-resumo-sbt.jpg.jpg 1280w, https:\/\/migracao.redenoticia.com.br\/noticia\/imagens\/um-refugio-para-o-amor-novela-resumo-sbt.jpg-250x140.jpg 250w, https:\/\/migracao.redenoticia.com.br\/noticia\/imagens\/um-refugio-para-o-amor-novela-resumo-sbt.jpg-400x225.jpg 400w, https:\/\/migracao.redenoticia.com.br\/noticia\/imagens\/um-refugio-para-o-amor-novela-resumo-sbt.jpg-768x432.jpg 768w, https:\/\/migracao.redenoticia.com.br\/noticia\/imagens\/um-refugio-para-o-amor-novela-resumo-sbt.jpg-150x84.jpg 150w\" sizes=\"auto, (max-width: 1280px) 100vw, 1280px\" \/> <\/p>\n<p><strong><em>Resumo da novela \u201cUm Ref\u00fagio para o Amor\u201d<\/em><\/strong> em 21\/09: no cap\u00edtulo 064(*) da novela, Marcial insiste em falar com Violeta e ela recusa, come\u00e7ando a gritar para que ele se v\u00e1 embora. Luciana apresenta-se ao seu exame. Jana recebe uma carta de Boris com pistas a seguir. Patr\u00edcio dirige-se \u00e0 empresa onde \u00e9 bem recebido por todos. Roselena prepara um jantar na mans\u00e3o e convida o padre. Roselena e Clara arranjam um plano para que Clara e Rodrigo se encontrem e pare\u00e7a uma obra do acaso. Jana, Boris, Melissa e Patr\u00edcio v\u00e3o ao aeroporto despedir-se de Luciana.<\/p>\n<p>Ao perceber que Gabriel e Marcos v\u00e3o ter com Clara, Rodrigo recusa-se a ir com eles. Patr\u00edcio pede desculpa a Luciana pela forma como sempre foi tratada na mans\u00e3o e chora ao v\u00ea-la ir-se embora. Roselena convida Clara e Julieta para jantar. Marcial volta a ir ao Inferno \u00e0 procura de Violeta. Patr\u00edcio conta a Rodrigo que, al\u00e9m da fam\u00edlia, Cl\u00e1udio tamb\u00e9m viajou com Luciana. Jana diz a Rodrigo que Luciana se foi embora para sempre e n\u00e3o ir\u00e1 voltar. Rodrigo relembra Luciana e beija Clara. Clara arranja uma forma de mandar embora todos os convidados. Clara e Rodrigo envolvem-se na cama de Rodrigo. Maximino diz a Roselena n\u00e3o acreditar que o encontro entre Clara e Rodrigo ter sido por acaso e aconselha-a a n\u00e3o se meter na vida do filho. Paz conta a Cl\u00e1udio que Luciana \u00e9 sua filha.<\/p>\n<p>(*) edi\u00e7\u00e3o das novelas do SBT, \u201cUm Ref\u00fagio para o Amor\u201d, sujeito a altera\u00e7\u00e3o de data e conte\u00fado.<\/p>\n<p>Sinopse \u201cUm Ref\u00fagio para o Amor\u201d: Uma hist\u00f3ria de amor entre uma jovem linda, humilde, simples e trabalhadora que gera admira\u00e7\u00e3o entre os homens e inveja entre as mulheres, e que \u00e9 obrigada a fugir de sua cidade, para a capital, encontrando o amor em um homem rico, bonito, de classe, arrogante, amante de esportes radicais e com fama de conquistador, mas que \u00e9 generoso e atencioso. Eles ter\u00e3o que passar por muitas dificuldades para ficarem juntos.<\/p>\n<p>Estrelado por Zuria Vega e Gabriel Soto com um elenco de primeira classe, incluindo Jessica Coch, Roberto Bland\u00f3n, Laura Flores, Jos\u00e9 Carlos Ruiz, entre outros. Um ref\u00fagio para o amor \u00e9 uma novela mexicana produzida por Ignacio Sada Madero, originalmente por Delia Fiallo e adaptada por Georgina Tinoco. <\/p>\n","protected":false},"excerpt":{"rendered":"<p>Resumo da novela \u201cUm Ref\u00fagio para o Amor\u201d em 21\/09: no cap\u00edtulo 064(*) da novela, Marcial insiste em falar com Violeta e ela recusa, come\u00e7ando a gritar para que ele se v\u00e1 embora. Luciana apresenta-se ao seu exame. Jana recebe uma carta de Boris com pistas a seguir. Patr\u00edcio dirige-se \u00e0 empresa onde \u00e9 bem [&hellip;]<\/p>\n","protected":false},"author":2,"featured_media":233921,"comment_status":"closed","ping_status":"closed","sticky":false,"template":"","format":"standard","meta":{"tdm_status":"","tdm_grid_status":"","footnotes":""},"categories":[379,2025,372,343,2310],"tags":[441],"class_list":{"0":"post-237348","1":"post","2":"type-post","3":"status-publish","4":"format-standard","5":"has-post-thumbnail","7":"category-novelas","8":"category-resumo","9":"category-sbt","10":"category-televisao","11":"category-um-refugio-para-o-amor","12":"tag-resumo-do-dia"},"_links":{"self":[{"href":"https:\/\/migracao.redenoticia.com.br\/noticia\/wp-json\/wp\/v2\/posts\/237348","targetHints":{"allow":["GET"]}}],"collection":[{"href":"https:\/\/migracao.redenoticia.com.br\/noticia\/wp-json\/wp\/v2\/posts"}],"about":[{"href":"https:\/\/migracao.redenoticia.com.br\/noticia\/wp-json\/wp\/v2\/types\/post"}],"author":[{"embeddable":true,"href":"https:\/\/migracao.redenoticia.com.br\/noticia\/wp-json\/wp\/v2\/users\/2"}],"replies":[{"embeddable":true,"href":"https:\/\/migracao.redenoticia.com.br\/noticia\/wp-json\/wp\/v2\/comments?post=237348"}],"version-history":[{"count":0,"href":"https:\/\/migracao.redenoticia.com.br\/noticia\/wp-json\/wp\/v2\/posts\/237348\/revisions"}],"wp:featuredmedia":[{"embeddable":true,"href":"https:\/\/migracao.redenoticia.com.br\/noticia\/wp-json\/wp\/v2\/media\/233921"}],"wp:attachment":[{"href":"https:\/\/migracao.redenoticia.com.br\/noticia\/wp-json\/wp\/v2\/media?parent=237348"}],"wp:term":[{"taxonomy":"category","embeddable":true,"href":"https:\/\/migracao.redenoticia.com.br\/noticia\/wp-json\/wp\/v2\/categories?post=237348"},{"taxonomy":"post_tag","embeddable":true,"href":"https:\/\/migracao.redenoticia.com.br\/noticia\/wp-json\/wp\/v2\/tags?post=237348"}],"curies":[{"name":"wp","href":"https:\/\/api.w.org\/{rel}","templated":true}]}}