{"id":237356,"date":"2023-09-20T17:59:32","date_gmt":"2023-09-20T20:59:32","guid":{"rendered":"https:\/\/www.redenoticia.com.br\/noticia\/?p=237356"},"modified":"2023-09-20T17:59:32","modified_gmt":"2023-09-20T20:59:32","slug":"resumo-iludida-21-09-asya-conta-a-derin-que-ela-esta-gravida","status":"publish","type":"post","link":"https:\/\/migracao.redenoticia.com.br\/noticia\/2023\/resumo-iludida-21-09-asya-conta-a-derin-que-ela-esta-gravida\/237356","title":{"rendered":"Resumo \u201cIludida\u201d 21\/09: Asya conta a Derin que ela est\u00e1 gr\u00e1vida"},"content":{"rendered":"<p> <img loading=\"lazy\" decoding=\"async\" class=\"aligncenter size-full wp-image-235992\" src=\"https:\/\/migracao.redenoticia.com.br\/noticia\/imagens\/novela-iludida-logo-resumo-canal-tnt.jpg\" alt=\"\" width=\"1280\" height=\"720\" srcset=\"https:\/\/migracao.redenoticia.com.br\/noticia\/imagens\/novela-iludida-logo-resumo-canal-tnt.jpg 1280w, https:\/\/migracao.redenoticia.com.br\/noticia\/imagens\/novela-iludida-logo-resumo-canal-tnt-250x140.jpg 250w, https:\/\/migracao.redenoticia.com.br\/noticia\/imagens\/novela-iludida-logo-resumo-canal-tnt-400x225.jpg 400w, https:\/\/migracao.redenoticia.com.br\/noticia\/imagens\/novela-iludida-logo-resumo-canal-tnt-768x432.jpg 768w, https:\/\/migracao.redenoticia.com.br\/noticia\/imagens\/novela-iludida-logo-resumo-canal-tnt-150x84.jpg 150w\" sizes=\"auto, (max-width: 1280px) 100vw, 1280px\" \/><\/p>\n<p><strong><em>Resumo da novela \u201cIludida\u201d<\/em><\/strong> em 21\/09: no cap\u00edtulo 064(*) da novela, acontece o enterro de Hicran e os presentes ficam surpresos ao ver que Asya n\u00e3o chegou ao cemit\u00e9rio. Eles se aproximam de sua casa e encontram o port\u00e3o do jardim aberto, mas ela n\u00e3o est\u00e1 l\u00e1. Bahar d\u00e1 a chave para encontrar a m\u00e9dica. \u201cUm tempo atr\u00e1s eu estava conversando com ela ao telefone quando a comunica\u00e7\u00e3o foi cortada. Antes de encerrar a liga\u00e7\u00e3o, Asya disse um nome: Faruk \u201d, explica. A pol\u00edcia ent\u00e3o entende que o man\u00edaco \u00e9 o respons\u00e1vel pelos dois sequestros que viraram Tekirdag de cabe\u00e7a para baixo. Uma opera\u00e7\u00e3o \u00e9 ent\u00e3o lan\u00e7ada para prend\u00ea-lo. A primeira coisa que fazem \u00e9 seguir Nazan, pois suspeitam que a mulher seja c\u00famplice do marido nos crimes que ele cometeu e t\u00eam raz\u00e3o. Enquanto isso, Derin lembra como o casal a sequestrou quando ela se preparava para deixar a cidade e continuar com o plano que tinha no in\u00edcio.<\/p>\n<p>Asya e Derin tentam escapar da casa onde est\u00e3o trancadas. Uma carta faz com que Volkan se descontrole. Derin e Asya come\u00e7am a discutir. &#8230; <em>Em detalhes,<\/em> na sa\u00edda de sua casa, Faruk a nocauteia e leva Asya at\u00e9 a cabana. Asya fica surpresa ao acordar. Por outro lado, a pol\u00edcia encontra a pessoa que trouxe as imagens para o hospital com um envelope para Asya e pediu-lhe que fizesse um desenho da pessoa que o segurava. Quando Melih v\u00ea a foto, ele reconhece Faruk. Eles v\u00e3o imediatamente para a casa dele com a pol\u00edcia, mas n\u00e3o h\u00e1 ningu\u00e9m l\u00e1 dentro. Derin faz Asia acordar tentando do seu jeito. Ela desata as cordas de suas m\u00e3os e p\u00e9s. Elas planejam quebrar a janela e atacar, mas s\u00e3o pegas antes que possam fazer qualquer coisa, porque Faruk est\u00e1 com uma arma na m\u00e3o. Enquanto Asya tenta descobrir o m\u00e1ximo poss\u00edvel sobre o homem, ela tamb\u00e9m lida com as acusa\u00e7\u00f5es de que Derin acabou com seu casamento. Enquanto isso, quando Derin descobre por Asya que est\u00e1 gr\u00e1vida, ela se arrepende do jogo.<\/p>\n<p>(*) edi\u00e7\u00e3o das novelas da TNT\/HBO, \u201cIludida\u201d, sujeito a altera\u00e7\u00e3o de data e conte\u00fado.<\/p>\n<p>Sinopse &#8220;Iludida&#8221;: Com apenas 37 anos, Asya \u00e9 vice-diretora e m\u00e9dica em um hospital da cidade de Tekirdag. Al\u00e9m de ter uma carreira profissional de sucesso, leva uma vida tranquila com o seu marido Volkan e seu filho Ali. Ela parece ter tudo: um trabalho perfeito, uma casa linda e uma fam\u00edlia feliz. Asya se sente a mulher mais sortuda do mundo, o que mais ela poderia pedir? Tudo na sua vida parecia ser cor-de-rosa, at\u00e9 que ela descobre um cabelo loiro no cachecol do seu marido, o que a transforma em uma pessoa obsessiva e incapaz de confiar nas pessoas ao seu redor. Por\u00e9m, ela n\u00e3o se engana em desconfiar deles: aos poucos, Asya descobre uma rede de mentiras que a leva a perceber que a sua vida n\u00e3o era t\u00e3o perfeita como ela pensava.<\/p>\n","protected":false},"excerpt":{"rendered":"<p>Resumo da novela \u201cIludida\u201d em 21\/09: no cap\u00edtulo 064(*) da novela, acontece o enterro de Hicran e os presentes ficam surpresos ao ver que Asya n\u00e3o chegou ao cemit\u00e9rio. Eles se aproximam de sua casa e encontram o port\u00e3o do jardim aberto, mas ela n\u00e3o est\u00e1 l\u00e1. Bahar d\u00e1 a chave para encontrar a m\u00e9dica. [&hellip;]<\/p>\n","protected":false},"author":2,"featured_media":235991,"comment_status":"closed","ping_status":"closed","sticky":false,"template":"","format":"standard","meta":{"tdm_status":"","tdm_grid_status":"","footnotes":""},"categories":[2317,379,2025,343,2315],"tags":[441],"class_list":{"0":"post-237356","1":"post","2":"type-post","3":"status-publish","4":"format-standard","5":"has-post-thumbnail","7":"category-iludida","8":"category-novelas","9":"category-resumo","10":"category-televisao","11":"category-tnt","12":"tag-resumo-do-dia"},"_links":{"self":[{"href":"https:\/\/migracao.redenoticia.com.br\/noticia\/wp-json\/wp\/v2\/posts\/237356","targetHints":{"allow":["GET"]}}],"collection":[{"href":"https:\/\/migracao.redenoticia.com.br\/noticia\/wp-json\/wp\/v2\/posts"}],"about":[{"href":"https:\/\/migracao.redenoticia.com.br\/noticia\/wp-json\/wp\/v2\/types\/post"}],"author":[{"embeddable":true,"href":"https:\/\/migracao.redenoticia.com.br\/noticia\/wp-json\/wp\/v2\/users\/2"}],"replies":[{"embeddable":true,"href":"https:\/\/migracao.redenoticia.com.br\/noticia\/wp-json\/wp\/v2\/comments?post=237356"}],"version-history":[{"count":0,"href":"https:\/\/migracao.redenoticia.com.br\/noticia\/wp-json\/wp\/v2\/posts\/237356\/revisions"}],"wp:featuredmedia":[{"embeddable":true,"href":"https:\/\/migracao.redenoticia.com.br\/noticia\/wp-json\/wp\/v2\/media\/235991"}],"wp:attachment":[{"href":"https:\/\/migracao.redenoticia.com.br\/noticia\/wp-json\/wp\/v2\/media?parent=237356"}],"wp:term":[{"taxonomy":"category","embeddable":true,"href":"https:\/\/migracao.redenoticia.com.br\/noticia\/wp-json\/wp\/v2\/categories?post=237356"},{"taxonomy":"post_tag","embeddable":true,"href":"https:\/\/migracao.redenoticia.com.br\/noticia\/wp-json\/wp\/v2\/tags?post=237356"}],"curies":[{"name":"wp","href":"https:\/\/api.w.org\/{rel}","templated":true}]}}