{"id":237401,"date":"2023-09-21T17:03:50","date_gmt":"2023-09-21T20:03:50","guid":{"rendered":"https:\/\/www.redenoticia.com.br\/noticia\/?p=237401"},"modified":"2023-09-21T17:03:50","modified_gmt":"2023-09-21T20:03:50","slug":"resumo-sera-isso-amor-22-09-ferit-pede-a-ceren-que-nao-prossiga-com-a-investigacao","status":"publish","type":"post","link":"https:\/\/migracao.redenoticia.com.br\/noticia\/2023\/resumo-sera-isso-amor-22-09-ferit-pede-a-ceren-que-nao-prossiga-com-a-investigacao\/237401","title":{"rendered":"Resumo \u201cSer\u00e1 Isso Amor?\u201d 22\/09: Ferit pede a Ceren que n\u00e3o prossiga com a investiga\u00e7\u00e3o"},"content":{"rendered":"<p> <img loading=\"lazy\" decoding=\"async\" class=\"aligncenter size-full wp-image-235988\" src=\"https:\/\/migracao.redenoticia.com.br\/noticia\/imagens\/novela-sera-isso-amor-tnt-resumo-elenco.jpg\" alt=\"\" width=\"1280\" height=\"720\" srcset=\"https:\/\/migracao.redenoticia.com.br\/noticia\/imagens\/novela-sera-isso-amor-tnt-resumo-elenco.jpg 1280w, https:\/\/migracao.redenoticia.com.br\/noticia\/imagens\/novela-sera-isso-amor-tnt-resumo-elenco-250x140.jpg 250w, https:\/\/migracao.redenoticia.com.br\/noticia\/imagens\/novela-sera-isso-amor-tnt-resumo-elenco-400x225.jpg 400w, https:\/\/migracao.redenoticia.com.br\/noticia\/imagens\/novela-sera-isso-amor-tnt-resumo-elenco-768x432.jpg 768w, https:\/\/migracao.redenoticia.com.br\/noticia\/imagens\/novela-sera-isso-amor-tnt-resumo-elenco-150x84.jpg 150w\" sizes=\"auto, (max-width: 1280px) 100vw, 1280px\" \/><\/p>\n<p><strong><em>Resumo da novela \u201cSer\u00e1 Isso Amor?\u201d<\/em><\/strong> em 22\/09: no cap\u00edtulo 065(*) da novela, Efe decide deixar a empresa para o s\u00f3cio e voltar para a It\u00e1lia. Ele quer que Eda cuide de seus clientes l\u00e1. Ele faz uma oferta a Ferit e Selin para comprar suas a\u00e7\u00f5es. Nem Ferit nem Selin aceitam isso. Efe encontra-se com a jornalista, d\u00e1-lhe dinheiro, faz uma grava\u00e7\u00e3o de voz explicando o incidente, e chantageia Selin para comprar suas a\u00e7\u00f5es. <\/p>\n<p>Serken fica com ci\u00fames de Eda depois de conhecer Can. Ayfer tenta descobrir algo sobre Aydan usando um m\u00e9todo muito particular. Ferit confessa tudo \u00e0 Ceren. &#8230; Ap\u00f3s o fracasso do jantar, Serkan e Eda se encontram no Art Life. &#8220;Assim que Efe partir para a It\u00e1lia, eu tamb\u00e9m irei&#8221;, anuncia. Ao pensar em nunca mais v\u00ea-la, ele se desespera e pede ajuda a Engin: &#8220;Eu preciso passar o dia todo com ela&#8221;. Por isso, o arquiteto re\u00fane o casal e diz-lhes que devem rever em conjunto o projeto do campo de golfe. Ao descobrir a verdade sobre a morte dos pais de Eda, Ayfer vai at\u00e9 a mans\u00e3o Bolat para enfrentar Alptekin, mas quem ela encontra \u00e9 Aydan em uma crise catat\u00f4nica. \u201cEla est\u00e1 assim desde que descobriu que o marido a estava traindo\u201d, explica Seyfi. <\/p>\n<p>Ayfer faz Aydan reagir e diz a ela que j\u00e1 sabe tudo sobre a morte dos Yildiz: &#8220;N\u00e3o quero os Bolats perto da minha sobrinha.&#8221; Ent\u00e3o, a senhora fica novamente im\u00f3vel e Ayfer, preocupada com ela, decide lev\u00e1-la para casa. Ela n\u00e3o imagina que tudo seja um plano para reconciliar Serkan e Eda. Aydan vai morar na casa de Ayfer. Ceren est\u00e1 cada vez mais convencida de que Selin est\u00e1 por tr\u00e1s do vazamento e Ferit decide confessar a ela: \u201cTirei uma foto do contrato e enviei para meu amigo Kaan Karadag. Ele vazou para a imprensa e como Selin sabia que Serkan ficaria com raiva, ela pagou ao jornalista para encobrir. Nunca quisemos fazer mal.&#8221; Ferit pede a Ceren que n\u00e3o prossiga com a investiga\u00e7\u00e3o. Ele \u00e9 for\u00e7ado a explicar os acontecimentos. Ceren pede a Ferit que conte tudo isso a Serkan. O homem, que naquele momento n\u00e3o queria esconder, aceita. Enquanto os dois conversam, Selin descobre que Eda tamb\u00e9m sabe do incidente. <\/p>\n<p>(*) edi\u00e7\u00e3o das novelas da TNT\/HBO, \u201cSer\u00e1 Isso Amor?\u201d, sujeito a altera\u00e7\u00e3o de data e conte\u00fado.<\/p>\n<p>Sinopse &#8220;Ser\u00e1 Isso Amor?&#8221;: (Primeira Temporada) Eda n\u00e3o consegue concluir sua gradua\u00e7\u00e3o na faculdade de arquitetura paisag\u00edstica por causa de Serkan Bolat. Serkan tem uma ex-namorada, Selin, que ficou noiva recentemente ap\u00f3s o rompimento. Para recuper\u00e1-la, Serkan oferece a Eda um contrato segundo o qual ela deve fingir ser sua noiva por dois meses. Ela aceita a oferta e n\u00e3o demora para surgir algo entre eles. <\/p>\n<p>(Segunda Temporada) Serkan e Eda passam por momentos dif\u00edceis durante o tratamento de c\u00e2ncer dele, que fica obcecado com sua doen\u00e7a e que vira um homem completamente diferente ap\u00f3s sobreviver. Serkan volta a se concentrar apenas em seu trabalho, que aos poucos o afasta de Eda. Mais tarde, ela vai para a It\u00e1lia para concluir seus estudos, enquanto Serkan continua com sua vida. Mas quando eles finalmente se reencontram ap\u00f3s 5 longos anos, a vida tem uma surpresa para ambos.<\/p>\n","protected":false},"excerpt":{"rendered":"<p>Resumo da novela \u201cSer\u00e1 Isso Amor?\u201d em 22\/09: no cap\u00edtulo 065(*) da novela, Efe decide deixar a empresa para o s\u00f3cio e voltar para a It\u00e1lia. Ele quer que Eda cuide de seus clientes l\u00e1. Ele faz uma oferta a Ferit e Selin para comprar suas a\u00e7\u00f5es. Nem Ferit nem Selin aceitam isso. Efe encontra-se [&hellip;]<\/p>\n","protected":false},"author":2,"featured_media":235990,"comment_status":"closed","ping_status":"closed","sticky":false,"template":"","format":"standard","meta":{"tdm_status":"","tdm_grid_status":"","footnotes":""},"categories":[379,2025,2316,343,2315],"tags":[441],"class_list":{"0":"post-237401","1":"post","2":"type-post","3":"status-publish","4":"format-standard","5":"has-post-thumbnail","7":"category-novelas","8":"category-resumo","9":"category-sera-isso-amor","10":"category-televisao","11":"category-tnt","12":"tag-resumo-do-dia"},"_links":{"self":[{"href":"https:\/\/migracao.redenoticia.com.br\/noticia\/wp-json\/wp\/v2\/posts\/237401","targetHints":{"allow":["GET"]}}],"collection":[{"href":"https:\/\/migracao.redenoticia.com.br\/noticia\/wp-json\/wp\/v2\/posts"}],"about":[{"href":"https:\/\/migracao.redenoticia.com.br\/noticia\/wp-json\/wp\/v2\/types\/post"}],"author":[{"embeddable":true,"href":"https:\/\/migracao.redenoticia.com.br\/noticia\/wp-json\/wp\/v2\/users\/2"}],"replies":[{"embeddable":true,"href":"https:\/\/migracao.redenoticia.com.br\/noticia\/wp-json\/wp\/v2\/comments?post=237401"}],"version-history":[{"count":0,"href":"https:\/\/migracao.redenoticia.com.br\/noticia\/wp-json\/wp\/v2\/posts\/237401\/revisions"}],"wp:featuredmedia":[{"embeddable":true,"href":"https:\/\/migracao.redenoticia.com.br\/noticia\/wp-json\/wp\/v2\/media\/235990"}],"wp:attachment":[{"href":"https:\/\/migracao.redenoticia.com.br\/noticia\/wp-json\/wp\/v2\/media?parent=237401"}],"wp:term":[{"taxonomy":"category","embeddable":true,"href":"https:\/\/migracao.redenoticia.com.br\/noticia\/wp-json\/wp\/v2\/categories?post=237401"},{"taxonomy":"post_tag","embeddable":true,"href":"https:\/\/migracao.redenoticia.com.br\/noticia\/wp-json\/wp\/v2\/tags?post=237401"}],"curies":[{"name":"wp","href":"https:\/\/api.w.org\/{rel}","templated":true}]}}