{"id":237415,"date":"2023-09-21T17:32:24","date_gmt":"2023-09-21T20:32:24","guid":{"rendered":"https:\/\/www.redenoticia.com.br\/noticia\/?p=237415"},"modified":"2023-09-21T17:32:24","modified_gmt":"2023-09-21T20:32:24","slug":"resumo-iludida-22-09-faruk-e-sua-esposa-sao-capturados","status":"publish","type":"post","link":"https:\/\/migracao.redenoticia.com.br\/noticia\/2023\/resumo-iludida-22-09-faruk-e-sua-esposa-sao-capturados\/237415","title":{"rendered":"Resumo \u201cIludida\u201d 22\/09: Faruk e sua esposa s\u00e3o capturados"},"content":{"rendered":"<p> <img loading=\"lazy\" decoding=\"async\" class=\"aligncenter size-full wp-image-235992\" src=\"https:\/\/migracao.redenoticia.com.br\/noticia\/imagens\/novela-iludida-logo-resumo-canal-tnt.jpg\" alt=\"\" width=\"1280\" height=\"720\" srcset=\"https:\/\/migracao.redenoticia.com.br\/noticia\/imagens\/novela-iludida-logo-resumo-canal-tnt.jpg 1280w, https:\/\/migracao.redenoticia.com.br\/noticia\/imagens\/novela-iludida-logo-resumo-canal-tnt-250x140.jpg 250w, https:\/\/migracao.redenoticia.com.br\/noticia\/imagens\/novela-iludida-logo-resumo-canal-tnt-400x225.jpg 400w, https:\/\/migracao.redenoticia.com.br\/noticia\/imagens\/novela-iludida-logo-resumo-canal-tnt-768x432.jpg 768w, https:\/\/migracao.redenoticia.com.br\/noticia\/imagens\/novela-iludida-logo-resumo-canal-tnt-150x84.jpg 150w\" sizes=\"auto, (max-width: 1280px) 100vw, 1280px\" \/><\/p>\n<p><strong><em>Resumo da novela \u201cIludida\u201d<\/em><\/strong> em 22\/09: no cap\u00edtulo 065(*) da novela, Derin lembra como o casal a sequestrou quando ela se preparava para deixar a cidade e continuar com o plano que tinha no in\u00edcio. Enquanto Asya tenta descobrir o m\u00e1ximo poss\u00edvel sobre o homem, ela tamb\u00e9m lida com as acusa\u00e7\u00f5es de que Derin acabou com seu casamento. Enquanto isso, quando Derin descobre por Asya que est\u00e1 gr\u00e1vida, ela se arrepende do jogo.<\/p>\n<p>Volkan est\u00e1 em um estado de loucura com o desaparecimento de Asya. Enquanto Asya e Derin fazem planos para escapar, todos procuram por elas. &#8230; <em>Em detalhes,<\/em> Melih e a pol\u00edcia entram na casa de Faruk. Na pesquisa, fotos da \u00c1sia e seus arredores; figuras de anjos; Eles encontram os an\u00fancios de procurados de Derin espalhados por todo o lugar. Eles descobrem que Faruk deixou inacabado seu tratamento no hospital psiqui\u00e1trico. Eles chamam a pol\u00edcia para falar com a esposa de Faruk e prestar depoimento. A mulher diz que foi para Adapazary, cidade natal do marido. Volkan, Bahar e Nil, que n\u00e3o conseguem encontrar \u00c1sia, come\u00e7am a se preocupar. Seu carro est\u00e1 parado na frente de sua casa e seu telefone est\u00e1 no jardim. <\/p>\n<p>Bahar abre a casa com a chave reserva. Os policiais procuram por todos os lados e come\u00e7am a investigar a aus\u00eancia de Asya. Os policiais seguem a esposa de Faruk, que devem libertar. A mulher se esquiva e muda a placa de seu ve\u00edculo. Quando Asya pede a Faruk roupas para usar \u00e0 noite, Nazan vai para casa. L\u00e1 ela encontra Volkan e Bahar. Volkan o segue e informa a pol\u00edcia e Melih. Quando os prisioneiros de Nazan v\u00e3o para a casa que est\u00e3o detidos, a pol\u00edcia tamb\u00e9m vai l\u00e1. Asya e Derin tra\u00e7am um plano para se livrar de Nazan. Quando a mulher entra, Asya coloca o vidro quebrado em sua garganta. Mas na sequ\u00eancia, a arma que Derin tinha em m\u00e3os explode e Asya fica ferida no ombro e fica inconsciente. Faruk e sua esposa s\u00e3o capturados. <\/p>\n<p>(*) edi\u00e7\u00e3o das novelas da TNT\/HBO, \u201cIludida\u201d, sujeito a altera\u00e7\u00e3o de data e conte\u00fado.<\/p>\n<p>Sinopse &#8220;Iludida&#8221;: Com apenas 37 anos, Asya \u00e9 vice-diretora e m\u00e9dica em um hospital da cidade de Tekirdag. Al\u00e9m de ter uma carreira profissional de sucesso, leva uma vida tranquila com o seu marido Volkan e seu filho Ali. Ela parece ter tudo: um trabalho perfeito, uma casa linda e uma fam\u00edlia feliz. Asya se sente a mulher mais sortuda do mundo, o que mais ela poderia pedir? Tudo na sua vida parecia ser cor-de-rosa, at\u00e9 que ela descobre um cabelo loiro no cachecol do seu marido, o que a transforma em uma pessoa obsessiva e incapaz de confiar nas pessoas ao seu redor. Por\u00e9m, ela n\u00e3o se engana em desconfiar deles: aos poucos, Asya descobre uma rede de mentiras que a leva a perceber que a sua vida n\u00e3o era t\u00e3o perfeita como ela pensava.<\/p>\n","protected":false},"excerpt":{"rendered":"<p>Resumo da novela \u201cIludida\u201d em 22\/09: no cap\u00edtulo 065(*) da novela, Derin lembra como o casal a sequestrou quando ela se preparava para deixar a cidade e continuar com o plano que tinha no in\u00edcio. Enquanto Asya tenta descobrir o m\u00e1ximo poss\u00edvel sobre o homem, ela tamb\u00e9m lida com as acusa\u00e7\u00f5es de que Derin acabou [&hellip;]<\/p>\n","protected":false},"author":4,"featured_media":235991,"comment_status":"closed","ping_status":"closed","sticky":false,"template":"","format":"standard","meta":{"tdm_status":"","tdm_grid_status":"","footnotes":""},"categories":[2317,379,2025,343,2315],"tags":[441],"class_list":{"0":"post-237415","1":"post","2":"type-post","3":"status-publish","4":"format-standard","5":"has-post-thumbnail","7":"category-iludida","8":"category-novelas","9":"category-resumo","10":"category-televisao","11":"category-tnt","12":"tag-resumo-do-dia"},"_links":{"self":[{"href":"https:\/\/migracao.redenoticia.com.br\/noticia\/wp-json\/wp\/v2\/posts\/237415","targetHints":{"allow":["GET"]}}],"collection":[{"href":"https:\/\/migracao.redenoticia.com.br\/noticia\/wp-json\/wp\/v2\/posts"}],"about":[{"href":"https:\/\/migracao.redenoticia.com.br\/noticia\/wp-json\/wp\/v2\/types\/post"}],"author":[{"embeddable":true,"href":"https:\/\/migracao.redenoticia.com.br\/noticia\/wp-json\/wp\/v2\/users\/4"}],"replies":[{"embeddable":true,"href":"https:\/\/migracao.redenoticia.com.br\/noticia\/wp-json\/wp\/v2\/comments?post=237415"}],"version-history":[{"count":0,"href":"https:\/\/migracao.redenoticia.com.br\/noticia\/wp-json\/wp\/v2\/posts\/237415\/revisions"}],"wp:featuredmedia":[{"embeddable":true,"href":"https:\/\/migracao.redenoticia.com.br\/noticia\/wp-json\/wp\/v2\/media\/235991"}],"wp:attachment":[{"href":"https:\/\/migracao.redenoticia.com.br\/noticia\/wp-json\/wp\/v2\/media?parent=237415"}],"wp:term":[{"taxonomy":"category","embeddable":true,"href":"https:\/\/migracao.redenoticia.com.br\/noticia\/wp-json\/wp\/v2\/categories?post=237415"},{"taxonomy":"post_tag","embeddable":true,"href":"https:\/\/migracao.redenoticia.com.br\/noticia\/wp-json\/wp\/v2\/tags?post=237415"}],"curies":[{"name":"wp","href":"https:\/\/api.w.org\/{rel}","templated":true}]}}