{"id":237448,"date":"2023-09-22T11:56:23","date_gmt":"2023-09-22T14:56:23","guid":{"rendered":"https:\/\/www.redenoticia.com.br\/noticia\/?p=237448"},"modified":"2023-09-22T11:56:23","modified_gmt":"2023-09-22T14:56:23","slug":"resumo-elas-por-elas-25-09-atila-engana-tais-e-lara","status":"publish","type":"post","link":"https:\/\/migracao.redenoticia.com.br\/noticia\/2023\/resumo-elas-por-elas-25-09-atila-engana-tais-e-lara\/237448","title":{"rendered":"Resumo &#8220;Elas por Elas&#8221; 25\/09: \u00c1tila engana Ta\u00eds e Lara"},"content":{"rendered":"<p> <img loading=\"lazy\" decoding=\"async\" src=\"https:\/\/migracao.redenoticia.com.br\/noticia\/imagens\/elas-por-elas-resumo-elenco-globo.jpg\" alt=\"\" width=\"1280\" height=\"720\" class=\"aligncenter size-full wp-image-237222\" srcset=\"https:\/\/migracao.redenoticia.com.br\/noticia\/imagens\/elas-por-elas-resumo-elenco-globo.jpg 1280w, https:\/\/migracao.redenoticia.com.br\/noticia\/imagens\/elas-por-elas-resumo-elenco-globo-250x140.jpg 250w, https:\/\/migracao.redenoticia.com.br\/noticia\/imagens\/elas-por-elas-resumo-elenco-globo-400x225.jpg 400w, https:\/\/migracao.redenoticia.com.br\/noticia\/imagens\/elas-por-elas-resumo-elenco-globo-768x432.jpg 768w, https:\/\/migracao.redenoticia.com.br\/noticia\/imagens\/elas-por-elas-resumo-elenco-globo-150x84.jpg 150w\" sizes=\"auto, (max-width: 1280px) 100vw, 1280px\" \/><\/p>\n<p><strong><em>Resumo da novela &#8220;Elas por Elas&#8221;<\/em><\/strong> em 25\/09: no cap\u00edtulo 001(*) da novela, Lara se prepara para encontrar suas amigas de juventude, que n\u00e3o v\u00ea h\u00e1 25 anos. Yeda questiona Lara sobre Nat\u00e1lia, Bruno e Ta\u00eds. \u00c1tila se encontra com Ta\u00eds, que acredita que o nome dele \u00e9 Herbert. Giovanni pressiona Helena sobre poss\u00edveis testes em animais feitos pela marca da m\u00e3e. Helena pro\u00edbe Jonas de ir ao encontro promovido por Lara, por conta de Adriana. <\/p>\n<p>Carol recebe um pr\u00eamio por seu trabalho. Lara conta a Cris que Bruno morreu. Nat\u00e1lia comenta com Pedro seu inc\u00f4modo com o convite para o reencontro com Lara e as amigas. Nat\u00e1lia afirma a Pedro que Bruno foi assassinado e descobrir\u00e1 por quem. Ta\u00eds conta a Lara que M\u00e1rio se tornou detetive particular. \u00cdsis acusa Giovanni de prejudicar animais. Lara apresenta \u00c1tila como seu marido, e Ta\u00eds se choca ao reconhecer Herbert.<\/p>\n<p>(*) edi\u00e7\u00e3o das novelas da Globo, &#8220;Elas por Elas&#8221;, sujeito a altera\u00e7\u00e3o de data e conte\u00fado.<\/p>\n<p>Sinopse \u201cElas por Elas\u201d: A trama \u00e9 centrada na hist\u00f3ria de sete amigas dos tempos de col\u00e9gio que n\u00e3o se veem h\u00e1 vinte anos. A mais velha do grupo encontra uma foto das amigas e uma onda de lembran\u00e7as e saudosismo invade sua cabe\u00e7a. Com vontade de reencontr\u00e1-las, ela decide localizar uma por uma e promove uma reuni\u00e3o em sua casa. Todas comparecem ao evento, felizes com o reencontro. No entanto, as lembran\u00e7as do passado e coincid\u00eancias do presente v\u00eam \u00e0 tona, afetando novamente a vida de todas do grupo.<\/p>\n","protected":false},"excerpt":{"rendered":"<p>Resumo da novela &#8220;Elas por Elas&#8221; em 25\/09: no cap\u00edtulo 001(*) da novela, Lara se prepara para encontrar suas amigas de juventude, que n\u00e3o v\u00ea h\u00e1 25 anos. Yeda questiona Lara sobre Nat\u00e1lia, Bruno e Ta\u00eds. \u00c1tila se encontra com Ta\u00eds, que acredita que o nome dele \u00e9 Herbert. Giovanni pressiona Helena sobre poss\u00edveis testes [&hellip;]<\/p>\n","protected":false},"author":5,"featured_media":237224,"comment_status":"closed","ping_status":"closed","sticky":false,"template":"","format":"standard","meta":{"tdm_status":"","tdm_grid_status":"","footnotes":""},"categories":[2318,379,375,2025,343],"tags":[441],"class_list":{"0":"post-237448","1":"post","2":"type-post","3":"status-publish","4":"format-standard","5":"has-post-thumbnail","7":"category-elas-por-elas","8":"category-novelas","9":"category-rede-globo","10":"category-resumo","11":"category-televisao","12":"tag-resumo-do-dia"},"_links":{"self":[{"href":"https:\/\/migracao.redenoticia.com.br\/noticia\/wp-json\/wp\/v2\/posts\/237448","targetHints":{"allow":["GET"]}}],"collection":[{"href":"https:\/\/migracao.redenoticia.com.br\/noticia\/wp-json\/wp\/v2\/posts"}],"about":[{"href":"https:\/\/migracao.redenoticia.com.br\/noticia\/wp-json\/wp\/v2\/types\/post"}],"author":[{"embeddable":true,"href":"https:\/\/migracao.redenoticia.com.br\/noticia\/wp-json\/wp\/v2\/users\/5"}],"replies":[{"embeddable":true,"href":"https:\/\/migracao.redenoticia.com.br\/noticia\/wp-json\/wp\/v2\/comments?post=237448"}],"version-history":[{"count":0,"href":"https:\/\/migracao.redenoticia.com.br\/noticia\/wp-json\/wp\/v2\/posts\/237448\/revisions"}],"wp:featuredmedia":[{"embeddable":true,"href":"https:\/\/migracao.redenoticia.com.br\/noticia\/wp-json\/wp\/v2\/media\/237224"}],"wp:attachment":[{"href":"https:\/\/migracao.redenoticia.com.br\/noticia\/wp-json\/wp\/v2\/media?parent=237448"}],"wp:term":[{"taxonomy":"category","embeddable":true,"href":"https:\/\/migracao.redenoticia.com.br\/noticia\/wp-json\/wp\/v2\/categories?post=237448"},{"taxonomy":"post_tag","embeddable":true,"href":"https:\/\/migracao.redenoticia.com.br\/noticia\/wp-json\/wp\/v2\/tags?post=237448"}],"curies":[{"name":"wp","href":"https:\/\/api.w.org\/{rel}","templated":true}]}}