{"id":237522,"date":"2023-09-24T17:24:59","date_gmt":"2023-09-24T20:24:59","guid":{"rendered":"https:\/\/www.redenoticia.com.br\/noticia\/?p=237522"},"modified":"2023-09-24T17:24:59","modified_gmt":"2023-09-24T20:24:59","slug":"resumo-os-dez-mandamentos-25-09-josue-mata-seom","status":"publish","type":"post","link":"https:\/\/migracao.redenoticia.com.br\/noticia\/2023\/resumo-os-dez-mandamentos-25-09-josue-mata-seom\/237522","title":{"rendered":"Resumo \u201cOs Dez Mandamentos\u201d 25\/09: Josu\u00e9 mata Seom"},"content":{"rendered":"<p> <img loading=\"lazy\" decoding=\"async\" class=\"aligncenter size-full wp-image-230999\" src=\"https:\/\/migracao.redenoticia.com.br\/noticia\/imagens\/os_dez_mandamentos_resumo_novela.jpeg\" alt=\"\" width=\"1280\" height=\"720\" srcset=\"https:\/\/migracao.redenoticia.com.br\/noticia\/imagens\/os_dez_mandamentos_resumo_novela.jpeg 1280w, https:\/\/migracao.redenoticia.com.br\/noticia\/imagens\/os_dez_mandamentos_resumo_novela-250x140.jpeg 250w, https:\/\/migracao.redenoticia.com.br\/noticia\/imagens\/os_dez_mandamentos_resumo_novela-400x225.jpeg 400w, https:\/\/migracao.redenoticia.com.br\/noticia\/imagens\/os_dez_mandamentos_resumo_novela-768x432.jpeg 768w, https:\/\/migracao.redenoticia.com.br\/noticia\/imagens\/os_dez_mandamentos_resumo_novela-150x84.jpeg 150w\" sizes=\"auto, (max-width: 1280px) 100vw, 1280px\" \/><\/p>\n<p><strong><em>Resumo da novela \u201cOs Dez Mandamentos\u201d<\/em><\/strong> em 25\/09: no cap\u00edtulo 246(*) da novela, Quenaz pede a Otniel para n\u00e3o ir \u00e0 guerra, pois ele ser\u00e1 mais \u00fatil protegendo o acampamento. Ezequiel come\u00e7a a se recuperar do ferimento. Oren se espanta ao saber que o ex\u00e9rcito do rei enfrentar\u00e1 os hebreus. Ao saber do impasse entre Seom e os hebreus, Adira teme pela vida de Oren e Ezequiel. O rei observa a aproxima\u00e7\u00e3o do ex\u00e9rcito hebreu. Josu\u00e9 lidera os homens rumo \u00e0 Hesbom e os incentiva com palavras de f\u00e9. Seom grita pedindo aos amorreus para massacrarem os hebreus. Josu\u00e9 avisa que chegou a hora e manda seus homens avan\u00e7arem. Enquanto treina com espada, Zur e surpreendido com a chegada de Abner. Eles come\u00e7am a travar uma luta. Abner o questiona sobre as cartas enviadas por Adira. Zur acaba confessando e o provoca. Abner encosta aponta de sua espada na garganta de Zur, mas n\u00e3o tem coragem de mat\u00e1-lo. Os hebreus iniciam o confronto contra o povo amorreu. O rei Seom observa a batalha.<\/p>\n<p>No acampamento, Leila segue reencontrando os outros hebreus. Adira se mostra confiante no poder de Deus. Os hebreus come\u00e7am a levar vantagem no combate contra os soldados de Hesbom. Calebe avisa a Josu\u00e9 sobre a aproxima\u00e7\u00e3o de um soldado inimigo e ele consegue se defender. Quenaz percebe que Iru est\u00e1 em perigo e consegue salv\u00e1-lo. Os soldados amorreus come\u00e7am a recuar. Seom se mostra assustado. Bet\u00e2nia descobre que adira est\u00e1 viva e que Zur escondeu suas cartas o tempo todo. Zur conta a Elda sobre a descoberta de Abner. O rei Seom se apavora ao notar o avan\u00e7o dos hebreus.<\/p>\n<p>Josu\u00e9 se aproxima de Seom e manda o rei se entregar. Seom diz que nunca se entregar\u00e1 e parte para cima de Josu\u00e9. O guerreiro hebreu enfia uma espada em Seom, que cai morto. Os hebreus tomam a cidade de Hesbom. Alguns oficiais amorreus pedem clem\u00eancia. Josu\u00e9 discursa ao povo de Hesbom. Ele avisa que o rei Seom est\u00e1 morto. Oren e Ezequiel s\u00e3o surpreendidos com a chegada de Baraquias. Josu\u00e9 e os outros hebreus comemoram a conquista de Hesbom. Oren descobre que o rei Seom esta morto. Ele pede para Ezequiel aguardar na casa de Jair enquanto buscam Adira. A irm\u00e3 de Z\u00edpora fica angustiada para receber not\u00edcias da guerra. Inconformada, Bet\u00e2nia esbraveja com Zur por ele ter escondido as cartas de Adira. A princesa Aviva interrompe a conversa deixando-os na saia justa. Josu\u00e9 avisa a Mois\u00e9s sobre a conquista de Hesbom. <\/p>\n<p>(*) edi\u00e7\u00e3o das novelas da Record, \u201cOs Dez Mandamentos\u201d, sujeito a altera\u00e7\u00e3o de data e conte\u00fado.<\/p>\n<p>Sinopse \u201cOs Dez Mandamentos\u201d: Mois\u00e9s um dia est\u00e1 a pastorear um rebanho quando recebe um chamado de Deus e o manda voltar ao Egito para que junto com seu irm\u00e3o Ar\u00e3o liberte todo o povo hebreu da escravid\u00e3o. Ao voltar para o Egito, Mois\u00e9s tem que enfrentar aquele que um dia considerou como um irm\u00e3o e agora se tornar\u00e1 seu pior inimigo. Somente ap\u00f3s as dez pragas do Egito Rams\u00e9s liberta o povo.<\/p>\n<p>Mas acaba voltando atr\u00e1s e decide persegui-los atrav\u00e9s do deserto. \u00c9 ent\u00e3o que Deus, em uma das cenas mais grandiosas da novela, abre o Mar Vermelho, deixando o povo hebreu passar, e depois o fecha matando o ex\u00e9rcito eg\u00edpcio que os persegue. No deserto Deus revela a Mois\u00e9s os Dez Mandamentos.<\/p>\n","protected":false},"excerpt":{"rendered":"<p>Resumo da novela \u201cOs Dez Mandamentos\u201d em 25\/09: no cap\u00edtulo 246(*) da novela, Quenaz pede a Otniel para n\u00e3o ir \u00e0 guerra, pois ele ser\u00e1 mais \u00fatil protegendo o acampamento. Ezequiel come\u00e7a a se recuperar do ferimento. Oren se espanta ao saber que o ex\u00e9rcito do rei enfrentar\u00e1 os hebreus. Ao saber do impasse entre [&hellip;]<\/p>\n","protected":false},"author":5,"featured_media":230998,"comment_status":"closed","ping_status":"closed","sticky":false,"template":"","format":"standard","meta":{"tdm_status":"","tdm_grid_status":"","footnotes":""},"categories":[379,424,371,2025,343],"tags":[441],"class_list":{"0":"post-237522","1":"post","2":"type-post","3":"status-publish","4":"format-standard","5":"has-post-thumbnail","7":"category-novelas","8":"category-os-dez-mandamentos","9":"category-rede-record","10":"category-resumo","11":"category-televisao","12":"tag-resumo-do-dia"},"_links":{"self":[{"href":"https:\/\/migracao.redenoticia.com.br\/noticia\/wp-json\/wp\/v2\/posts\/237522","targetHints":{"allow":["GET"]}}],"collection":[{"href":"https:\/\/migracao.redenoticia.com.br\/noticia\/wp-json\/wp\/v2\/posts"}],"about":[{"href":"https:\/\/migracao.redenoticia.com.br\/noticia\/wp-json\/wp\/v2\/types\/post"}],"author":[{"embeddable":true,"href":"https:\/\/migracao.redenoticia.com.br\/noticia\/wp-json\/wp\/v2\/users\/5"}],"replies":[{"embeddable":true,"href":"https:\/\/migracao.redenoticia.com.br\/noticia\/wp-json\/wp\/v2\/comments?post=237522"}],"version-history":[{"count":0,"href":"https:\/\/migracao.redenoticia.com.br\/noticia\/wp-json\/wp\/v2\/posts\/237522\/revisions"}],"wp:featuredmedia":[{"embeddable":true,"href":"https:\/\/migracao.redenoticia.com.br\/noticia\/wp-json\/wp\/v2\/media\/230998"}],"wp:attachment":[{"href":"https:\/\/migracao.redenoticia.com.br\/noticia\/wp-json\/wp\/v2\/media?parent=237522"}],"wp:term":[{"taxonomy":"category","embeddable":true,"href":"https:\/\/migracao.redenoticia.com.br\/noticia\/wp-json\/wp\/v2\/categories?post=237522"},{"taxonomy":"post_tag","embeddable":true,"href":"https:\/\/migracao.redenoticia.com.br\/noticia\/wp-json\/wp\/v2\/tags?post=237522"}],"curies":[{"name":"wp","href":"https:\/\/api.w.org\/{rel}","templated":true}]}}