{"id":237527,"date":"2023-09-24T17:28:19","date_gmt":"2023-09-24T20:28:19","guid":{"rendered":"https:\/\/www.redenoticia.com.br\/noticia\/?p=237527"},"modified":"2023-09-24T17:28:19","modified_gmt":"2023-09-24T20:28:19","slug":"resumo-a-infancia-de-romeu-e-julieta-25-09-telma-beija-mauro","status":"publish","type":"post","link":"https:\/\/migracao.redenoticia.com.br\/noticia\/2023\/resumo-a-infancia-de-romeu-e-julieta-25-09-telma-beija-mauro\/237527","title":{"rendered":"Resumo \u201cA Inf\u00e2ncia de Romeu e Julieta\u201d 25\/09: Telma beija Mauro"},"content":{"rendered":"<p> <img loading=\"lazy\" decoding=\"async\" src=\"https:\/\/migracao.redenoticia.com.br\/noticia\/imagens\/novela-romeu-e-julieta-sbt-elenco-resumo.jpg\" alt=\"\" width=\"1280\" height=\"720\" class=\"aligncenter size-full wp-image-232242\" srcset=\"https:\/\/migracao.redenoticia.com.br\/noticia\/imagens\/novela-romeu-e-julieta-sbt-elenco-resumo.jpg 1280w, https:\/\/migracao.redenoticia.com.br\/noticia\/imagens\/novela-romeu-e-julieta-sbt-elenco-resumo-250x140.jpg 250w, https:\/\/migracao.redenoticia.com.br\/noticia\/imagens\/novela-romeu-e-julieta-sbt-elenco-resumo-400x225.jpg 400w, https:\/\/migracao.redenoticia.com.br\/noticia\/imagens\/novela-romeu-e-julieta-sbt-elenco-resumo-768x432.jpg 768w, https:\/\/migracao.redenoticia.com.br\/noticia\/imagens\/novela-romeu-e-julieta-sbt-elenco-resumo-150x84.jpg 150w\" sizes=\"auto, (max-width: 1280px) 100vw, 1280px\" \/><\/p>\n<p><strong><em>Resumo da novela \u201cA Inf\u00e2ncia de Romeu e Julieta\u201d<\/em><\/strong> em 25\/09: no cap\u00edtulo 101(*) da novela, T\u00e9o e Patrick conversam sobre prefer\u00eancia no time. T\u00e9o escolhe Sofia pela habilidade com a bola, e Patrick opta por L\u00edvia pela amizade. Ricardo se apresenta para Mariana, ele \u00e9 um publicit\u00e1rio que trabalha como modelo nas horas vagas, mas Mariana fica entediada no encontro, j\u00e1 que o pretendente s\u00f3 fala dele mesmo. Dimitri, Ellen, Ian e Nath contam para Amanda que a cesta b\u00e1sica que eles doaram foi destinada \u00e0 gangue Pedalzera. <\/p>\n<p>No hall do apartamento, o clima esquenta entre Telma e Mauro, e a fisioterapeuta d\u00e1 um beijo no judoca. Telma fica com vergonha e entra em casa imediatamente. No jantar, Dimitri fala para a fam\u00edlia que fez uma boa a\u00e7\u00e3o, mas Glaucia e Fred n\u00e3o ficam interessados. No quarto, Nando e Dimitri comentam que os pais n\u00e3o d\u00e3o aten\u00e7\u00e3o a eles. Vitor leva P\u00f3rcia \u00e0 sorveteria, e Bass\u00e2nio, sem ser visto, observa o encontro dos dois.<\/p>\n<p>Na noite do pijama na casa de Julieta, L\u00edvia fica esgotada por Julieta dar mais aten\u00e7\u00e3o a Sofia e vai embora sem avisar. L\u00edvia volta para sua resid\u00eancia e Karen diz que a irm\u00e3 deveria abandonar os amigos do Lado Vila e se juntar \u00e0 turma do Lado Torre. Daniel e Bass\u00e2nio ficam desanimados porque as respectivas amadas est\u00e3o em um encontro rom\u00e2ntico. No Boulevard Verona, Telma se esconde de Mauro, ainda com vergonha do beijo. Amanda, Daniel e Mariana decidem fazer shows ao vivo para concorrer com o karaok\u00ea do Monter Mercado.<\/p>\n<p>(*) edi\u00e7\u00e3o das novelas do SBT, \u201cA Inf\u00e2ncia de Romeu e Julieta\u201d, sujeito a altera\u00e7\u00e3o de data e conte\u00fado.<\/p>\n<p>Sinopse \u201cA Inf\u00e2ncia de Romeu e Julieta\u201d: A Trama se passa no bairro chamado castanheiras, em que duas fam\u00edlias com propostas diferentes para esse bairro vivem em disc\u00f3rdia, sendo divididas entre os lados Torre (Campos) e Vila (Monteiro).[6] Entretanto, Romeu (Miguel \u00c2ngelo) e Julieta (Vitt\u00f3ria Seixas) se conhecem, da\u00ed em diante, as fam\u00edlias rivais t\u00eam uma nova oportunidade de trazer paz e uni\u00e3o entre o conv\u00edvio deles. <\/p>\n<p>Romeu e Julieta n\u00e3o sabem como v\u00e3o fazer para ficarem juntos. A not\u00edcia do romance chega \u00e0s fam\u00edlias, que n\u00e3o gostam nada da hist\u00f3ria e tratam de afasta-los imediatamente, aprontando v\u00e1rias situa\u00e7\u00f5es. Romeu e Julieta querem acabar com essa hostilidade e tentam ir atr\u00e1s de uma solu\u00e7\u00e3o, mas ao descobrirem mais sobre a hist\u00f3ria de seus pais, percebem que pode ser imposs\u00edvel.<\/p>\n","protected":false},"excerpt":{"rendered":"<p>Resumo da novela \u201cA Inf\u00e2ncia de Romeu e Julieta\u201d em 25\/09: no cap\u00edtulo 101(*) da novela, T\u00e9o e Patrick conversam sobre prefer\u00eancia no time. T\u00e9o escolhe Sofia pela habilidade com a bola, e Patrick opta por L\u00edvia pela amizade. Ricardo se apresenta para Mariana, ele \u00e9 um publicit\u00e1rio que trabalha como modelo nas horas vagas, [&hellip;]<\/p>\n","protected":false},"author":3,"featured_media":232241,"comment_status":"closed","ping_status":"closed","sticky":false,"template":"","format":"standard","meta":{"tdm_status":"","tdm_grid_status":"","footnotes":""},"categories":[2306,379,2025,372,343],"tags":[441],"class_list":{"0":"post-237527","1":"post","2":"type-post","3":"status-publish","4":"format-standard","5":"has-post-thumbnail","7":"category-novela-romeu-e-julieta","8":"category-novelas","9":"category-resumo","10":"category-sbt","11":"category-televisao","12":"tag-resumo-do-dia"},"_links":{"self":[{"href":"https:\/\/migracao.redenoticia.com.br\/noticia\/wp-json\/wp\/v2\/posts\/237527","targetHints":{"allow":["GET"]}}],"collection":[{"href":"https:\/\/migracao.redenoticia.com.br\/noticia\/wp-json\/wp\/v2\/posts"}],"about":[{"href":"https:\/\/migracao.redenoticia.com.br\/noticia\/wp-json\/wp\/v2\/types\/post"}],"author":[{"embeddable":true,"href":"https:\/\/migracao.redenoticia.com.br\/noticia\/wp-json\/wp\/v2\/users\/3"}],"replies":[{"embeddable":true,"href":"https:\/\/migracao.redenoticia.com.br\/noticia\/wp-json\/wp\/v2\/comments?post=237527"}],"version-history":[{"count":0,"href":"https:\/\/migracao.redenoticia.com.br\/noticia\/wp-json\/wp\/v2\/posts\/237527\/revisions"}],"wp:featuredmedia":[{"embeddable":true,"href":"https:\/\/migracao.redenoticia.com.br\/noticia\/wp-json\/wp\/v2\/media\/232241"}],"wp:attachment":[{"href":"https:\/\/migracao.redenoticia.com.br\/noticia\/wp-json\/wp\/v2\/media?parent=237527"}],"wp:term":[{"taxonomy":"category","embeddable":true,"href":"https:\/\/migracao.redenoticia.com.br\/noticia\/wp-json\/wp\/v2\/categories?post=237527"},{"taxonomy":"post_tag","embeddable":true,"href":"https:\/\/migracao.redenoticia.com.br\/noticia\/wp-json\/wp\/v2\/tags?post=237527"}],"curies":[{"name":"wp","href":"https:\/\/api.w.org\/{rel}","templated":true}]}}